{"id":9079,"date":"2025-03-17T20:00:52","date_gmt":"2025-03-17T19:00:52","guid":{"rendered":"https:\/\/www.adventureradio.de\/?p=9079"},"modified":"2025-03-25T15:58:07","modified_gmt":"2025-03-25T14:58:07","slug":"sota-aktivierung-auf-teneriffa-cruz-de-gala-ea8-tf-007","status":"publish","type":"post","link":"https:\/\/www.adventureradio.de\/?p=9079","title":{"rendered":"SOTA-Aktivierung auf Teneriffa: Cruz de Gala (EA8\/TF-007)"},"content":{"rendered":"<p><a href=\"https:\/\/www.adventureradio.de\/wp-content\/uploads\/2025\/03\/PXL_20250317_1051033412.jpg\"><img loading=\"lazy\" decoding=\"async\" class=\"aligncenter size-full wp-image-9078\" src=\"https:\/\/www.adventureradio.de\/wp-content\/uploads\/2025\/03\/PXL_20250317_1051033412.jpg\" alt=\"\" width=\"2268\" height=\"1067\" srcset=\"https:\/\/www.adventureradio.de\/wp-content\/uploads\/2025\/03\/PXL_20250317_1051033412.jpg 2268w, https:\/\/www.adventureradio.de\/wp-content\/uploads\/2025\/03\/PXL_20250317_1051033412-300x141.jpg 300w, https:\/\/www.adventureradio.de\/wp-content\/uploads\/2025\/03\/PXL_20250317_1051033412-1024x482.jpg 1024w, https:\/\/www.adventureradio.de\/wp-content\/uploads\/2025\/03\/PXL_20250317_1051033412-768x361.jpg 768w, https:\/\/www.adventureradio.de\/wp-content\/uploads\/2025\/03\/PXL_20250317_1051033412-1536x723.jpg 1536w, https:\/\/www.adventureradio.de\/wp-content\/uploads\/2025\/03\/PXL_20250317_1051033412-2048x963.jpg 2048w\" sizes=\"auto, (max-width: 767px) 89vw, (max-width: 1000px) 54vw, (max-width: 1071px) 543px, 580px\" \/><\/a><\/p>\n<p>Heute stand eine weitere SOTA-Aktivierung auf dem Programm: der Gipfel des Cruz de Gala (EA8\/TF-007). Mit dem Linienbus angereist \u2013 also wieder umweltfreundlich \u2013 startete ich meine Wanderung zum Gipfel bei bestem Wetter. Auch wenn der Berg als &#8222;Drive-On&#8220; gilt, habe ich selbstverst\u00e4ndlich den Wanderweg genutzt.<\/p>\n<h3><strong>Funkbetrieb<\/strong><\/h3>\n<p>Leider hatte ich durch eine versp\u00e4tete Busverbindung nur wenig Zeit f\u00fcr den Funkbetrieb, um noch einen passenden Bus zur\u00fcck zu erwischen. Dennoch konnte ich in nur 22 Minuten 23 QSOs loggen \u2013 alle in CW auf 28 MHz. Die Bedingungen waren gut, und es kamen einige sch\u00f6ne Verbindungen ins Log. Allerdings gibt es auf dem Gipfel mehrere Funkt\u00fcrme, die erhebliche St\u00f6rungen in meinem Funkger\u00e4t verursacht haben, was den Betrieb etwas erschwerte.<\/p>\n<h3><strong>Station:<\/strong><\/h3>\n<ul data-spread=\"false\">\n<li><strong>TRX<\/strong>: Xiegu X6100 (5W Output)<\/li>\n<li><strong>Antenne<\/strong>: MC-750<\/li>\n<li><strong>Log<\/strong>: Papierlog<\/li>\n<li><strong>Wetter<\/strong>: Sonnig, angenehme Temperaturen<\/li>\n<\/ul>\n<p>Trotz der kurzen Aktivierungszeit war es eine lohnenswerte Erfahrung. Die Aussicht auf dem Gipfel war fantastisch, und die Funkbedingungen auf 10m haben richtig Spa\u00df gemacht.<\/p>\n<p>\r\n\t\t\t\t\t\n\r\n\t\t\t\t\t<!-- START UNITE GALLERY 1.7.62 -->\r\n\t\t\t\t\t\r\n\t\t\t\t\n\t\t\t<div id='unitegallery_91_1' class='unite-gallery' style='margin:0px auto;'>\n\t\t\t\t\n\n\t\t\t\t\t\t<img alt=\"PXL_20250317_091619270~2\"\n\t\t\t\t\t\t     src=\"\" data-image=\"https:\/\/www.adventureradio.de\/wp-content\/uploads\/2025\/03\/PXL_20250317_0916192702.jpg\"\n\t\t\t\t\t\t     data-thumb=\"https:\/\/www.adventureradio.de\/wp-content\/uploads\/2025\/03\/PXL_20250317_0916192702-300x300.jpg\"\n\t\t\t\t\t\t     title=\"\"\n\t\t\t\t\t\t     style=\"display:none\">\n\n\t\t\t\t\t\t<img alt=\"PXL_20250317_105749954~2\"\n\t\t\t\t\t\t     src=\"\" data-image=\"https:\/\/www.adventureradio.de\/wp-content\/uploads\/2025\/03\/PXL_20250317_1057499542.jpg\"\n\t\t\t\t\t\t     data-thumb=\"https:\/\/www.adventureradio.de\/wp-content\/uploads\/2025\/03\/PXL_20250317_1057499542-300x300.jpg\"\n\t\t\t\t\t\t     title=\"\"\n\t\t\t\t\t\t     style=\"display:none\">\n\n\t\t\t\t\t\t<img alt=\"PXL_20250317_110008501~2\"\n\t\t\t\t\t\t     src=\"\" data-image=\"https:\/\/www.adventureradio.de\/wp-content\/uploads\/2025\/03\/PXL_20250317_1100085012.jpg\"\n\t\t\t\t\t\t     data-thumb=\"https:\/\/www.adventureradio.de\/wp-content\/uploads\/2025\/03\/PXL_20250317_1100085012-300x300.jpg\"\n\t\t\t\t\t\t     title=\"\"\n\t\t\t\t\t\t     style=\"display:none\">\n\n\t\t\t\t\t\t<img alt=\"PXL_20250317_110734041~2\"\n\t\t\t\t\t\t     src=\"\" data-image=\"https:\/\/www.adventureradio.de\/wp-content\/uploads\/2025\/03\/PXL_20250317_1107340412.jpg\"\n\t\t\t\t\t\t     data-thumb=\"https:\/\/www.adventureradio.de\/wp-content\/uploads\/2025\/03\/PXL_20250317_1107340412-300x300.jpg\"\n\t\t\t\t\t\t     title=\"\"\n\t\t\t\t\t\t     style=\"display:none\">\n\n\t\t\t\t\t\t<img alt=\"PXL_20250317_113029010~2\"\n\t\t\t\t\t\t     src=\"\" data-image=\"https:\/\/www.adventureradio.de\/wp-content\/uploads\/2025\/03\/PXL_20250317_1130290102.jpg\"\n\t\t\t\t\t\t     data-thumb=\"https:\/\/www.adventureradio.de\/wp-content\/uploads\/2025\/03\/PXL_20250317_1130290102-300x300.jpg\"\n\t\t\t\t\t\t     title=\"\"\n\t\t\t\t\t\t     style=\"display:none\">\n\n\t\t\t\t\t\t<img alt=\"PXL_20250317_120205796\"\n\t\t\t\t\t\t     src=\"\" data-image=\"https:\/\/www.adventureradio.de\/wp-content\/uploads\/2025\/03\/PXL_20250317_120205796-scaled.jpg\"\n\t\t\t\t\t\t     data-thumb=\"https:\/\/www.adventureradio.de\/wp-content\/uploads\/2025\/03\/PXL_20250317_120205796-169x300.jpg\"\n\t\t\t\t\t\t     title=\"\"\n\t\t\t\t\t\t     style=\"display:none\">\n\n\t\t\t\t\t\t<img alt=\"PXL_20250317_122050312~2\"\n\t\t\t\t\t\t     src=\"\" data-image=\"https:\/\/www.adventureradio.de\/wp-content\/uploads\/2025\/03\/PXL_20250317_1220503122-scaled.jpg\"\n\t\t\t\t\t\t     data-thumb=\"https:\/\/www.adventureradio.de\/wp-content\/uploads\/2025\/03\/PXL_20250317_1220503122-225x300.jpg\"\n\t\t\t\t\t\t     title=\"\"\n\t\t\t\t\t\t     style=\"display:none\">\n\n\t\t\t\t\t\t<img alt=\"PXL_20250317_144331516\"\n\t\t\t\t\t\t     src=\"\" data-image=\"https:\/\/www.adventureradio.de\/wp-content\/uploads\/2025\/03\/PXL_20250317_144331516-scaled.jpg\"\n\t\t\t\t\t\t     data-thumb=\"https:\/\/www.adventureradio.de\/wp-content\/uploads\/2025\/03\/PXL_20250317_144331516-169x300.jpg\"\n\t\t\t\t\t\t     title=\"\"\n\t\t\t\t\t\t     style=\"display:none\">\n\n\t\t\t\t\t\t<img alt=\"PXL_20250317_144938153~2\"\n\t\t\t\t\t\t     src=\"\" data-image=\"https:\/\/www.adventureradio.de\/wp-content\/uploads\/2025\/03\/PXL_20250317_1449381532.jpg\"\n\t\t\t\t\t\t     data-thumb=\"https:\/\/www.adventureradio.de\/wp-content\/uploads\/2025\/03\/PXL_20250317_1449381532-300x300.jpg\"\n\t\t\t\t\t\t     title=\"\"\n\t\t\t\t\t\t     style=\"display:none\">\n\n\t\t\t\t\t\t<img alt=\"PXL_20250317_145241454~2\"\n\t\t\t\t\t\t     src=\"\" data-image=\"https:\/\/www.adventureradio.de\/wp-content\/uploads\/2025\/03\/PXL_20250317_1452414542.jpg\"\n\t\t\t\t\t\t     data-thumb=\"https:\/\/www.adventureradio.de\/wp-content\/uploads\/2025\/03\/PXL_20250317_1452414542-300x300.jpg\"\n\t\t\t\t\t\t     title=\"\"\n\t\t\t\t\t\t     style=\"display:none\">\n\n\t\t\t\t\t\t<img alt=\"IMG-20250317-WA0023\"\n\t\t\t\t\t\t     src=\"\" data-image=\"https:\/\/www.adventureradio.de\/wp-content\/uploads\/2025\/03\/IMG-20250317-WA0023.jpg\"\n\t\t\t\t\t\t     data-thumb=\"https:\/\/www.adventureradio.de\/wp-content\/uploads\/2025\/03\/IMG-20250317-WA0023-300x212.jpg\"\n\t\t\t\t\t\t     title=\"\"\n\t\t\t\t\t\t     style=\"display:none\">\n\t\t\t<\/div>\n\n\t\t\t<script type='text\/javascript'>\n\t\t\t\twindow.onload = function(e) {\n\t\t\t\t\tif(typeof ugCheckForErrors == \"undefined\"){\n\t\t\t\t\t\tdocument.getElementById(\"unitegallery_91_1\").innerHTML = \"<span style='color:red'>Unite Gallery Error - gallery js and css files not included in the footer. Please make sure that wp_footer() function is added to your theme.<\/span>\";}\n\t\t\t\t\telse{ ugCheckForErrors(\"unitegallery_91_1\", \"jquery\");}\n\t\t\t\t};\n\t\t\t<\/script>\n\n\t\t\t<!-- END UNITEGALLERY --><\/p>\n","protected":false},"excerpt":{"rendered":"<p>Heute stand eine weitere SOTA-Aktivierung auf dem Programm: der Gipfel des Cruz de Gala (EA8\/TF-007). Mit dem Linienbus angereist \u2013 also wieder umweltfreundlich \u2013 startete ich meine Wanderung zum Gipfel bei bestem Wetter. Auch wenn der Berg als &#8222;Drive-On&#8220; gilt, habe ich selbstverst\u00e4ndlich den Wanderweg genutzt. Funkbetrieb Leider hatte ich durch eine versp\u00e4tete Busverbindung nur &hellip; <\/p>\n<p class=\"link-more\"><a href=\"https:\/\/www.adventureradio.de\/?p=9079\" class=\"more-link\"><span class=\"screen-reader-text\">\u201eSOTA-Aktivierung auf Teneriffa: Cruz de Gala (EA8\/TF-007)\u201c <\/span>weiterlesen<\/a><\/p>\n","protected":false},"author":3,"featured_media":0,"comment_status":"open","ping_status":"open","sticky":false,"template":"","format":"standard","meta":{"footnotes":""},"categories":[536,537,13,15,224,21],"tags":[],"class_list":["post-9079","post","type-post","status-publish","format-standard","hentry","category-ea8-canary-islands","category-eaff","category-gma","category-iota","category-sota","category-wwff"],"_links":{"self":[{"href":"https:\/\/www.adventureradio.de\/index.php?rest_route=\/wp\/v2\/posts\/9079","targetHints":{"allow":["GET"]}}],"collection":[{"href":"https:\/\/www.adventureradio.de\/index.php?rest_route=\/wp\/v2\/posts"}],"about":[{"href":"https:\/\/www.adventureradio.de\/index.php?rest_route=\/wp\/v2\/types\/post"}],"author":[{"embeddable":true,"href":"https:\/\/www.adventureradio.de\/index.php?rest_route=\/wp\/v2\/users\/3"}],"replies":[{"embeddable":true,"href":"https:\/\/www.adventureradio.de\/index.php?rest_route=%2Fwp%2Fv2%2Fcomments&post=9079"}],"version-history":[{"count":2,"href":"https:\/\/www.adventureradio.de\/index.php?rest_route=\/wp\/v2\/posts\/9079\/revisions"}],"predecessor-version":[{"id":9081,"href":"https:\/\/www.adventureradio.de\/index.php?rest_route=\/wp\/v2\/posts\/9079\/revisions\/9081"}],"wp:attachment":[{"href":"https:\/\/www.adventureradio.de\/index.php?rest_route=%2Fwp%2Fv2%2Fmedia&parent=9079"}],"wp:term":[{"taxonomy":"category","embeddable":true,"href":"https:\/\/www.adventureradio.de\/index.php?rest_route=%2Fwp%2Fv2%2Fcategories&post=9079"},{"taxonomy":"post_tag","embeddable":true,"href":"https:\/\/www.adventureradio.de\/index.php?rest_route=%2Fwp%2Fv2%2Ftags&post=9079"}],"curies":[{"name":"wp","href":"https:\/\/api.w.org\/{rel}","templated":true}]}}