{"id":8825,"date":"2021-05-24T22:46:31","date_gmt":"2021-05-24T20:46:31","guid":{"rendered":"https:\/\/www.adventureradio.de\/?p=8825"},"modified":"2021-07-27T01:03:41","modified_gmt":"2021-07-26T23:03:41","slug":"x29821-windmuehle-lechtingen","status":"publish","type":"post","link":"https:\/\/www.adventureradio.de\/?p=8825","title":{"rendered":"X29821 Windm\u00fchle Lechtingen"},"content":{"rendered":"<p>M\u00fchlenaktivierung #1<\/p>\n<p><span style=\"color: #000000; font-size: 65%;\">DL4MFM\/P,&nbsp;<a href=\"https:\/\/www.cqgma.org\/millinfo.php?id=X29821\" target=\"_blank\" rel=\"noopener noreferrer\">X29821 Windm\u00fchle Lechtingen<\/a> JO42AI<br \/>\nTRX: FT-857, MP-1 Antenna<\/span><\/p>\n<figure id=\"attachment_8826\" aria-describedby=\"caption-attachment-8826\" style=\"width: 2560px\" class=\"wp-caption aligncenter\"><a href=\"https:\/\/www.adventureradio.de\/wp-content\/uploads\/2021\/07\/mota.jp_-scaled.jpg\"><img loading=\"lazy\" decoding=\"async\" src=\"https:\/\/www.adventureradio.de\/wp-content\/uploads\/2021\/07\/mota.jp_-scaled.jpg\" alt=\"Windm\u00fchle Lechtingen\" width=\"2560\" height=\"1638\" class=\"size-full wp-image-8826\" srcset=\"https:\/\/www.adventureradio.de\/wp-content\/uploads\/2021\/07\/mota.jp_-scaled.jpg 2560w, https:\/\/www.adventureradio.de\/wp-content\/uploads\/2021\/07\/mota.jp_-300x192.jpg 300w, https:\/\/www.adventureradio.de\/wp-content\/uploads\/2021\/07\/mota.jp_-1024x655.jpg 1024w, https:\/\/www.adventureradio.de\/wp-content\/uploads\/2021\/07\/mota.jp_-768x491.jpg 768w, https:\/\/www.adventureradio.de\/wp-content\/uploads\/2021\/07\/mota.jp_-1536x983.jpg 1536w, https:\/\/www.adventureradio.de\/wp-content\/uploads\/2021\/07\/mota.jp_-2048x1310.jpg 2048w\" sizes=\"auto, (max-width: 767px) 89vw, (max-width: 1000px) 54vw, (max-width: 1071px) 543px, 580px\" \/><\/a><figcaption id=\"caption-attachment-8826\" class=\"wp-caption-text\">Windm\u00fchle Lechtingen<\/figcaption><\/figure>\n<p><figure id=\"attachment_8829\" aria-describedby=\"caption-attachment-8829\" style=\"width: 169px\" class=\"wp-caption alignleft\"><a href=\"https:\/\/www.adventureradio.de\/wp-content\/uploads\/2021\/07\/mota1.jpg\"><img loading=\"lazy\" decoding=\"async\" src=\"https:\/\/www.adventureradio.de\/wp-content\/uploads\/2021\/07\/mota1-169x300.jpg\" alt=\"\" width=\"169\" height=\"300\" class=\"size-medium wp-image-8829\" srcset=\"https:\/\/www.adventureradio.de\/wp-content\/uploads\/2021\/07\/mota1-169x300.jpg 169w, https:\/\/www.adventureradio.de\/wp-content\/uploads\/2021\/07\/mota1-432x768.jpg 432w, https:\/\/www.adventureradio.de\/wp-content\/uploads\/2021\/07\/mota1.jpg 449w\" sizes=\"auto, (max-width: 169px) 100vw, 169px\" \/><\/a><figcaption id=\"caption-attachment-8829\" class=\"wp-caption-text\">In der N\u00e4he der M\u00fchle<\/figcaption><\/figure>Mal was ganz neues! Am Pfingstmontag 2021, dem eigentlichen M\u00fchlentag (nat\u00fcrlich ausgefallen wegen Covid) fand das erste MOTA (Mills On The Air) GMA Event statt. Einige kurzentschlossene Funkamateure haben ihre \u00f6rtlichen M\u00fchlen aktiviert, und so konnte ich von der Windm\u00fchle in Lechtingen auch andere Wind- und Wasserm\u00fchlen erreichen. Das Wetter hat zuerst mitgespielt, doch dann zog ein Gewitter auf, sodass der Ortswechsel zu einer weiteren Wasserm\u00fchle ausfallen musste. Wieder unterwegs mit dem Fahrrad, womit man sich gleich noch ein paar &#8222;GoGreen XOTA&#8220; Punkte gutschreiben kann.<\/p>\n","protected":false},"excerpt":{"rendered":"<p>M\u00fchlenaktivierung #1 DL4MFM\/P,&nbsp;X29821 Windm\u00fchle Lechtingen JO42AI TRX: FT-857, MP-1 Antenna Mal was ganz neues! Am Pfingstmontag 2021, dem eigentlichen M\u00fchlentag (nat\u00fcrlich ausgefallen wegen Covid) fand das erste MOTA (Mills On The Air) GMA Event statt. Einige kurzentschlossene Funkamateure haben ihre \u00f6rtlichen M\u00fchlen aktiviert, und so konnte ich von der Windm\u00fchle in Lechtingen auch andere Wind- &hellip; <\/p>\n<p class=\"link-more\"><a href=\"https:\/\/www.adventureradio.de\/?p=8825\" class=\"more-link\"><span class=\"screen-reader-text\">\u201eX29821 Windm\u00fchle Lechtingen\u201c <\/span>weiterlesen<\/a><\/p>\n","protected":false},"author":3,"featured_media":0,"comment_status":"open","ping_status":"open","sticky":false,"template":"","format":"standard","meta":{"footnotes":""},"categories":[603],"tags":[606,607,605,604],"class_list":["post-8825","post","type-post","status-publish","format-standard","hentry","category-mota","tag-mills-on-the-air","tag-mota","tag-muehlen-on-the-air","tag-muehlentag"],"_links":{"self":[{"href":"https:\/\/www.adventureradio.de\/index.php?rest_route=\/wp\/v2\/posts\/8825","targetHints":{"allow":["GET"]}}],"collection":[{"href":"https:\/\/www.adventureradio.de\/index.php?rest_route=\/wp\/v2\/posts"}],"about":[{"href":"https:\/\/www.adventureradio.de\/index.php?rest_route=\/wp\/v2\/types\/post"}],"author":[{"embeddable":true,"href":"https:\/\/www.adventureradio.de\/index.php?rest_route=\/wp\/v2\/users\/3"}],"replies":[{"embeddable":true,"href":"https:\/\/www.adventureradio.de\/index.php?rest_route=%2Fwp%2Fv2%2Fcomments&post=8825"}],"version-history":[{"count":3,"href":"https:\/\/www.adventureradio.de\/index.php?rest_route=\/wp\/v2\/posts\/8825\/revisions"}],"predecessor-version":[{"id":8830,"href":"https:\/\/www.adventureradio.de\/index.php?rest_route=\/wp\/v2\/posts\/8825\/revisions\/8830"}],"wp:attachment":[{"href":"https:\/\/www.adventureradio.de\/index.php?rest_route=%2Fwp%2Fv2%2Fmedia&parent=8825"}],"wp:term":[{"taxonomy":"category","embeddable":true,"href":"https:\/\/www.adventureradio.de\/index.php?rest_route=%2Fwp%2Fv2%2Fcategories&post=8825"},{"taxonomy":"post_tag","embeddable":true,"href":"https:\/\/www.adventureradio.de\/index.php?rest_route=%2Fwp%2Fv2%2Ftags&post=8825"}],"curies":[{"name":"wp","href":"https:\/\/api.w.org\/{rel}","templated":true}]}}