{"id":8557,"date":"2020-05-11T21:50:15","date_gmt":"2020-05-11T19:50:15","guid":{"rendered":"http:\/\/www.adventureradio.de\/?p=8557"},"modified":"2020-05-12T20:50:28","modified_gmt":"2020-05-12T18:50:28","slug":"qrv-vom-stemweder-berg","status":"publish","type":"post","link":"https:\/\/www.adventureradio.de\/?p=8557","title":{"rendered":"QRV vom Stemweder Berg"},"content":{"rendered":"<p>Summit Activation #627<\/p>\n<p><span style=\"color: #000000; font-size: 65%;\">DL4MFM\/P, <a href=\"https:\/\/www.cqgma.org\/gmainfo.php?id=DM\/NS-036\" target=\"_blank\" rel=\"noopener noreferrer\">DM\/NW-256 Kollwessh\u00f6h<\/a> 182m asl<br \/>\nWX: clear, 23\u00b0C<br \/>\nTRX: 50W, Dipol 20\/30\/40\/60m<\/span><\/p>\n<figure id=\"attachment_8561\" aria-describedby=\"caption-attachment-8561\" style=\"width: 1200px\" class=\"wp-caption aligncenter\"><a href=\"https:\/\/www.adventureradio.de\/wp-content\/uploads\/2020\/05\/20200509_004.jpg\"><img loading=\"lazy\" decoding=\"async\" class=\"size-full wp-image-8561\" src=\"https:\/\/www.adventureradio.de\/wp-content\/uploads\/2020\/05\/20200509_004.jpg\" alt=\"\" width=\"1200\" height=\"900\" srcset=\"https:\/\/www.adventureradio.de\/wp-content\/uploads\/2020\/05\/20200509_004.jpg 1200w, https:\/\/www.adventureradio.de\/wp-content\/uploads\/2020\/05\/20200509_004-300x225.jpg 300w, https:\/\/www.adventureradio.de\/wp-content\/uploads\/2020\/05\/20200509_004-1024x768.jpg 1024w, https:\/\/www.adventureradio.de\/wp-content\/uploads\/2020\/05\/20200509_004-768x576.jpg 768w\" sizes=\"auto, (max-width: 767px) 89vw, (max-width: 1000px) 54vw, (max-width: 1071px) 543px, 580px\" \/><\/a><figcaption id=\"caption-attachment-8561\" class=\"wp-caption-text\">Stemweder Berg<\/figcaption><\/figure>\n<p>N\u00e4chste Woche soll es also wieder kalt werden und sogar Schnee ist angesagt. Okay &#8211; damit stand die dritte Aktivit\u00e4t in dieser Woche fest. Ziel: <a href=\"https:\/\/www.cqgma.org\/gmainfo.php?id=DM\/NW-256\" target=\"_blank\" rel=\"noopener noreferrer\">Kollwessh\u00f6h DM\/NW-256<\/a>. Ein Blick in mein Aktivierlogbuch auf <a href=\"https:\/\/www.cqGMA.org\" target=\"_blank\" rel=\"noopener noreferrer\">www.cqGMA.org<\/a> sagte mir, dass dieses die erste Kurzwellen-Aktivierung seit Oktober 2018 sein sollte. Dann wird es ja mal wieder Zeit!<\/p>\n<p>Funktechnisch gesehen ist der Standort nicht so toll, man steht mitten im Wald, weite Aussichten gibt es nur teilweise beim Auf- bzw. Abstieg. Wie schon bei den vorherigen Aktivierungen von DM\/NW-256 fra\u00dfen einen die M\u00fccken regelrecht auf. Geloggt wurde mit <a href=\"https:\/\/www.adventureradio.de\/?page_id=8416\" target=\"_blank\" rel=\"noopener noreferrer\">QW5<\/a> (Windows) das die QSOs direkt in die GMA Datenbank schreibt.<\/p>\n<figure id=\"attachment_8559\" aria-describedby=\"caption-attachment-8559\" style=\"width: 1200px\" class=\"wp-caption aligncenter\"><a href=\"https:\/\/www.adventureradio.de\/wp-content\/uploads\/2020\/05\/20200509_002.jpg\"><img loading=\"lazy\" decoding=\"async\" class=\"size-full wp-image-8559\" src=\"https:\/\/www.adventureradio.de\/wp-content\/uploads\/2020\/05\/20200509_002.jpg\" alt=\"\" width=\"1200\" height=\"675\" srcset=\"https:\/\/www.adventureradio.de\/wp-content\/uploads\/2020\/05\/20200509_002.jpg 1200w, https:\/\/www.adventureradio.de\/wp-content\/uploads\/2020\/05\/20200509_002-300x169.jpg 300w, https:\/\/www.adventureradio.de\/wp-content\/uploads\/2020\/05\/20200509_002-1024x576.jpg 1024w, https:\/\/www.adventureradio.de\/wp-content\/uploads\/2020\/05\/20200509_002-768x432.jpg 768w\" sizes=\"auto, (max-width: 767px) 89vw, (max-width: 1000px) 54vw, (max-width: 1071px) 543px, 580px\" \/><\/a><figcaption id=\"caption-attachment-8559\" class=\"wp-caption-text\">DL4MFM\/p<\/figcaption><\/figure>\n<p>60m funktionierte au\u00dfergew\u00f6hnlch gut. Schade, dass so wenig Aktiviererdas 60m Band nutzen. Bei den augenblicklichen Ausbreitungsbedingungen mit einer Toten Zone von mehreren hundert Kilometern, ist das 60m Band f\u00fcr den Deutschlandverkehr ideal.<\/p>\n<figure id=\"attachment_8560\" aria-describedby=\"caption-attachment-8560\" style=\"width: 1195px\" class=\"wp-caption aligncenter\"><a href=\"https:\/\/www.adventureradio.de\/wp-content\/uploads\/2020\/05\/20200509_003.jpg\"><img loading=\"lazy\" decoding=\"async\" class=\"size-full wp-image-8560\" src=\"https:\/\/www.adventureradio.de\/wp-content\/uploads\/2020\/05\/20200509_003.jpg\" alt=\"\" width=\"1195\" height=\"831\" srcset=\"https:\/\/www.adventureradio.de\/wp-content\/uploads\/2020\/05\/20200509_003.jpg 1195w, https:\/\/www.adventureradio.de\/wp-content\/uploads\/2020\/05\/20200509_003-300x209.jpg 300w, https:\/\/www.adventureradio.de\/wp-content\/uploads\/2020\/05\/20200509_003-1024x712.jpg 1024w, https:\/\/www.adventureradio.de\/wp-content\/uploads\/2020\/05\/20200509_003-768x534.jpg 768w\" sizes=\"auto, (max-width: 767px) 89vw, (max-width: 1000px) 54vw, (max-width: 1071px) 543px, 580px\" \/><\/a><figcaption id=\"caption-attachment-8560\" class=\"wp-caption-text\">QW5<\/figcaption><\/figure>\n<p>Erstaunlich ist, dass auf 20m drei U.S. Stationen ins Log kamen. KD1CT kam mit unglaublichen 599 bei mir an. Was m\u00fcssen die OM f\u00fcr Antennen haben, dass sie mich mit einem einfachen Dipol aus dem Wald auf der anderen Seite des Atlantiks empfangen k\u00f6nnen &#8230;<\/p>\n<figure id=\"attachment_8558\" aria-describedby=\"caption-attachment-8558\" style=\"width: 1226px\" class=\"wp-caption aligncenter\"><a href=\"https:\/\/www.adventureradio.de\/wp-content\/uploads\/2020\/05\/20200509_001.jpg\"><img loading=\"lazy\" decoding=\"async\" class=\"size-full wp-image-8558\" src=\"https:\/\/www.adventureradio.de\/wp-content\/uploads\/2020\/05\/20200509_001.jpg\" alt=\"\" width=\"1226\" height=\"607\" srcset=\"https:\/\/www.adventureradio.de\/wp-content\/uploads\/2020\/05\/20200509_001.jpg 1226w, https:\/\/www.adventureradio.de\/wp-content\/uploads\/2020\/05\/20200509_001-300x149.jpg 300w, https:\/\/www.adventureradio.de\/wp-content\/uploads\/2020\/05\/20200509_001-1024x507.jpg 1024w, https:\/\/www.adventureradio.de\/wp-content\/uploads\/2020\/05\/20200509_001-768x380.jpg 768w\" sizes=\"auto, (max-width: 767px) 89vw, (max-width: 1000px) 54vw, (max-width: 1071px) 543px, 580px\" \/><\/a><figcaption id=\"caption-attachment-8558\" class=\"wp-caption-text\">QSO Map<\/figcaption><\/figure>\n<p><span style=\"color: #808080; font-size: 50%;\"><i>Daten von <a style=\"color: #808080;\" href=\"http:\/\/www.openstreetmap.org\/\" target=\"_blank\" rel=\"noopener noreferrer\">OpenStreetMap<\/a> &#8211; Ver\u00f6ffentlicht unter <a style=\"color: #808080;\" href=\"http:\/\/opendatacommons.org\/licenses\/odbl\/\" target=\"_blank\" rel=\"noopener noreferrer\">ODbL<\/a><\/i><\/span><br \/>\n<span style=\"color: #808080; font-size: 75%;\"><i>Seine QSO-Map kann man sich <a style=\"color: #808080;\" href=\"http:\/\/analyzer.adventureradio.de\" target=\"_blank\" rel=\"noopener noreferrer\"><strong>hier<\/strong><\/a> erstellen. Einfach das ADIF-Log hochladen.<\/i><\/span><\/p>\n","protected":false},"excerpt":{"rendered":"<p>Summit Activation #627 DL4MFM\/P, DM\/NW-256 Kollwessh\u00f6h 182m asl WX: clear, 23\u00b0C TRX: 50W, Dipol 20\/30\/40\/60m N\u00e4chste Woche soll es also wieder kalt werden und sogar Schnee ist angesagt. Okay &#8211; damit stand die dritte Aktivit\u00e4t in dieser Woche fest. Ziel: Kollwessh\u00f6h DM\/NW-256. Ein Blick in mein Aktivierlogbuch auf www.cqGMA.org sagte mir, dass dieses die erste &hellip; <\/p>\n<p class=\"link-more\"><a href=\"https:\/\/www.adventureradio.de\/?p=8557\" class=\"more-link\"><span class=\"screen-reader-text\">\u201eQRV vom Stemweder Berg\u201c <\/span>weiterlesen<\/a><\/p>\n","protected":false},"author":3,"featured_media":0,"comment_status":"open","ping_status":"open","sticky":false,"template":"","format":"standard","meta":{"footnotes":""},"categories":[394,13,224,232],"tags":[582],"class_list":["post-8557","post","type-post","status-publish","format-standard","hentry","category-dlff-wff","category-gma","category-sota","category-stemweder-berg","tag-naturpark-duemmer-dlff-0051"],"_links":{"self":[{"href":"https:\/\/www.adventureradio.de\/index.php?rest_route=\/wp\/v2\/posts\/8557","targetHints":{"allow":["GET"]}}],"collection":[{"href":"https:\/\/www.adventureradio.de\/index.php?rest_route=\/wp\/v2\/posts"}],"about":[{"href":"https:\/\/www.adventureradio.de\/index.php?rest_route=\/wp\/v2\/types\/post"}],"author":[{"embeddable":true,"href":"https:\/\/www.adventureradio.de\/index.php?rest_route=\/wp\/v2\/users\/3"}],"replies":[{"embeddable":true,"href":"https:\/\/www.adventureradio.de\/index.php?rest_route=%2Fwp%2Fv2%2Fcomments&post=8557"}],"version-history":[{"count":9,"href":"https:\/\/www.adventureradio.de\/index.php?rest_route=\/wp\/v2\/posts\/8557\/revisions"}],"predecessor-version":[{"id":8571,"href":"https:\/\/www.adventureradio.de\/index.php?rest_route=\/wp\/v2\/posts\/8557\/revisions\/8571"}],"wp:attachment":[{"href":"https:\/\/www.adventureradio.de\/index.php?rest_route=%2Fwp%2Fv2%2Fmedia&parent=8557"}],"wp:term":[{"taxonomy":"category","embeddable":true,"href":"https:\/\/www.adventureradio.de\/index.php?rest_route=%2Fwp%2Fv2%2Fcategories&post=8557"},{"taxonomy":"post_tag","embeddable":true,"href":"https:\/\/www.adventureradio.de\/index.php?rest_route=%2Fwp%2Fv2%2Ftags&post=8557"}],"curies":[{"name":"wp","href":"https:\/\/api.w.org\/{rel}","templated":true}]}}