{"id":8037,"date":"2018-06-06T22:56:32","date_gmt":"2018-06-06T20:56:32","guid":{"rendered":"http:\/\/www.adventureradio.de\/?p=8037"},"modified":"2018-06-21T23:22:22","modified_gmt":"2018-06-21T21:22:22","slug":"hb-ai-001-saentis","status":"publish","type":"post","link":"https:\/\/www.adventureradio.de\/?p=8037","title":{"rendered":"HB\/AI-001 S\u00e4ntis"},"content":{"rendered":"<p>Summit Activation #574<br \/>\n<span style=\"color: #000000; font-size: 65%;\">HB9\/DL4MFM\/p, <a href=\"http:\/\/www.cqgma.de\/gmainfo.php?id=HB\/AI-001\" target=\"_blank\" rel=\"noopener\">HB\/AI-001<\/a> S\u00e4ntis, 2502m asl<br \/>\nWX: sunny, cloudy, ZLS, QAZ, 8\u00b0C<br \/>\n<\/span><br \/>\n<figure id=\"attachment_7997\" aria-describedby=\"caption-attachment-7997\" style=\"width: 1024px\" class=\"wp-caption aligncenter\"><a href=\"https:\/\/www.adventureradio.de\/wp-content\/uploads\/2018\/05\/s\u00e4ntis01.jpg\"><img loading=\"lazy\" decoding=\"async\" src=\"https:\/\/www.adventureradio.de\/wp-content\/uploads\/2018\/05\/s\u00e4ntis01.jpg\" alt=\"\" width=\"1024\" height=\"576\" class=\"size-full wp-image-7997\" srcset=\"https:\/\/www.adventureradio.de\/wp-content\/uploads\/2018\/05\/s\u00e4ntis01.jpg 1024w, https:\/\/www.adventureradio.de\/wp-content\/uploads\/2018\/05\/s\u00e4ntis01-300x169.jpg 300w, https:\/\/www.adventureradio.de\/wp-content\/uploads\/2018\/05\/s\u00e4ntis01-768x432.jpg 768w\" sizes=\"auto, (max-width: 767px) 89vw, (max-width: 1000px) 54vw, (max-width: 1071px) 543px, 580px\" \/><\/a><figcaption id=\"caption-attachment-7997\" class=\"wp-caption-text\">S\u00e4ntis Cable Car<\/figcaption><\/figure><\/p>\n<p>Nur etwa eine Stunde Autofahrt s\u00fcdlich vom Bodensee liegt der 2502m hohe S\u00e4ntis in den Appenzeller Alpen. Das Wetter h\u00e4tte besser sein k\u00f6nnen, die Fernsicht war oft durch Wolken getr\u00fcbt.<\/p>\n<figure id=\"attachment_7998\" aria-describedby=\"caption-attachment-7998\" style=\"width: 1024px\" class=\"wp-caption aligncenter\"><a href=\"https:\/\/www.adventureradio.de\/wp-content\/uploads\/2018\/05\/s\u00e4ntis02.jpg\"><img loading=\"lazy\" decoding=\"async\" src=\"https:\/\/www.adventureradio.de\/wp-content\/uploads\/2018\/05\/s\u00e4ntis02.jpg\" alt=\"\" width=\"1024\" height=\"576\" class=\"size-full wp-image-7998\" srcset=\"https:\/\/www.adventureradio.de\/wp-content\/uploads\/2018\/05\/s\u00e4ntis02.jpg 1024w, https:\/\/www.adventureradio.de\/wp-content\/uploads\/2018\/05\/s\u00e4ntis02-300x169.jpg 300w, https:\/\/www.adventureradio.de\/wp-content\/uploads\/2018\/05\/s\u00e4ntis02-768x432.jpg 768w\" sizes=\"auto, (max-width: 767px) 89vw, (max-width: 1000px) 54vw, (max-width: 1071px) 543px, 580px\" \/><\/a><figcaption id=\"caption-attachment-7998\" class=\"wp-caption-text\">Kurz vor der Gipfelstation<\/figcaption><\/figure>\n<p>F\u00fcr gro\u00dfe Dipole ist hier eigentlich kein Platz und deswegen hatte ich schon vorsorglich nur die MP-1 Antenne mitgenommen. Auf der Bergstation war wenig Betrieb. So konnte ich mir ein ruhiges Pl\u00e4tzchen suchen, um die Station aufzubauen und ungest\u00f6rt Betrieb machen. Im 40m Band war starkes QRN, man konnte schon die Blitze eines herannahenden Gewitters lautstark h\u00f6ren, dann aber auch den Donnergroll trotz Kopfh\u00f6rer.<br \/>\n<figure id=\"attachment_8041\" aria-describedby=\"caption-attachment-8041\" style=\"width: 150px\" class=\"wp-caption alignleft\"><a href=\"https:\/\/www.adventureradio.de\/wp-content\/uploads\/2018\/06\/s\u00e4ntis07.jpg\"><img loading=\"lazy\" decoding=\"async\" src=\"https:\/\/www.adventureradio.de\/wp-content\/uploads\/2018\/06\/s\u00e4ntis07-150x150.jpg\" alt=\"\" width=\"150\" height=\"150\" class=\"size-thumbnail wp-image-8041\" srcset=\"https:\/\/www.adventureradio.de\/wp-content\/uploads\/2018\/06\/s\u00e4ntis07-150x150.jpg 150w, https:\/\/www.adventureradio.de\/wp-content\/uploads\/2018\/06\/s\u00e4ntis07-100x100.jpg 100w\" sizes=\"auto, (max-width: 150px) 100vw, 150px\" \/><\/a><figcaption id=\"caption-attachment-8041\" class=\"wp-caption-text\">Screenshot Wetter-Online<\/figcaption><\/figure>Die Bedingungen schienen gut zu sein, z\u00fcgig kamen die Stationen ins Log, dann musste ich aber wieder wegen des Gewitters den Betrieb einstellen. Insgesamt waren nur 14 Verbindungen in 10 verschiedene L\u00e4nder m\u00f6glich gewesen. Und dann kam es richtig heftig: Sturm, Hagelk\u00f6rner so gro\u00df wie Kirschen, die Blitze \u00fcberschlugen sich und es war gar kein einzelner Donner mehr zu h\u00f6ren, es war ein durchgehender &#8222;Donnerteppich&#8220;. Die Seilbahn stellte ihren Betrieb ein, so dass wir noch eine Stunde warten mussten, um wieder vom Berg herunterzukommen.<\/p>\n<p>Ein spannender Tag &#8230;<br \/>\n<figure id=\"attachment_7999\" aria-describedby=\"caption-attachment-7999\" style=\"width: 1024px\" class=\"wp-caption aligncenter\"><a href=\"https:\/\/www.adventureradio.de\/wp-content\/uploads\/2018\/05\/s\u00e4ntis03.jpg\"><img loading=\"lazy\" decoding=\"async\" src=\"https:\/\/www.adventureradio.de\/wp-content\/uploads\/2018\/05\/s\u00e4ntis03.jpg\" alt=\"\" width=\"1024\" height=\"752\" class=\"size-full wp-image-7999\" srcset=\"https:\/\/www.adventureradio.de\/wp-content\/uploads\/2018\/05\/s\u00e4ntis03.jpg 1024w, https:\/\/www.adventureradio.de\/wp-content\/uploads\/2018\/05\/s\u00e4ntis03-300x220.jpg 300w, https:\/\/www.adventureradio.de\/wp-content\/uploads\/2018\/05\/s\u00e4ntis03-768x564.jpg 768w\" sizes=\"auto, (max-width: 767px) 89vw, (max-width: 1000px) 54vw, (max-width: 1071px) 543px, 580px\" \/><\/a><figcaption id=\"caption-attachment-7999\" class=\"wp-caption-text\">HB9\/DL4MFM auf dem Gipfel<\/figcaption><\/figure><\/p>\n<figure id=\"attachment_8040\" aria-describedby=\"caption-attachment-8040\" style=\"width: 693px\" class=\"wp-caption aligncenter\"><a href=\"https:\/\/www.adventureradio.de\/wp-content\/uploads\/2018\/06\/s\u00e4ntis06.jpg\"><img loading=\"lazy\" decoding=\"async\" src=\"https:\/\/www.adventureradio.de\/wp-content\/uploads\/2018\/06\/s\u00e4ntis06.jpg\" alt=\"\" width=\"693\" height=\"553\" class=\"size-full wp-image-8040\" srcset=\"https:\/\/www.adventureradio.de\/wp-content\/uploads\/2018\/06\/s\u00e4ntis06.jpg 693w, https:\/\/www.adventureradio.de\/wp-content\/uploads\/2018\/06\/s\u00e4ntis06-300x239.jpg 300w\" sizes=\"auto, (max-width: 693px) 100vw, 693px\" \/><\/a><figcaption id=\"caption-attachment-8040\" class=\"wp-caption-text\">QSO-Map<\/figcaption><\/figure>\n<p><span style=\"color: #808080; font-size: 50%;\"><i>Daten von <a style=\"color: #808080;\" href=\"http:\/\/www.openstreetmap.org\/\" target=\"_blank\" rel=\"noopener\">OpenStreetMap<\/a> &#8211; Ver\u00f6ffentlicht unter <a style=\"color: #808080;\" href=\"http:\/\/opendatacommons.org\/licenses\/odbl\/\" target=\"_blank\" rel=\"noopener\">ODbL<\/a><\/i><\/span><br \/>\n<span style=\"color: #808080; font-size: 75%;\"><i>Seine QSO-Map kann man sich <a style=\"color: #808080;\" href=\"http:\/\/analyzer.adventureradio.de\" target=\"_blank\" rel=\"noopener\"><strong>hier<\/strong><\/a> erstellen. Einfach das ADIF-Log hochladen.<\/i><\/span><\/p>\n","protected":false},"excerpt":{"rendered":"<p>Summit Activation #574 HB9\/DL4MFM\/p, HB\/AI-001 S\u00e4ntis, 2502m asl WX: sunny, cloudy, ZLS, QAZ, 8\u00b0C Nur etwa eine Stunde Autofahrt s\u00fcdlich vom Bodensee liegt der 2502m hohe S\u00e4ntis in den Appenzeller Alpen. Das Wetter h\u00e4tte besser sein k\u00f6nnen, die Fernsicht war oft durch Wolken getr\u00fcbt. F\u00fcr gro\u00dfe Dipole ist hier eigentlich kein Platz und deswegen hatte &hellip; <\/p>\n<p class=\"link-more\"><a href=\"https:\/\/www.adventureradio.de\/?p=8037\" class=\"more-link\"><span class=\"screen-reader-text\">\u201eHB\/AI-001 S\u00e4ntis\u201c <\/span>weiterlesen<\/a><\/p>\n","protected":false},"author":3,"featured_media":0,"comment_status":"open","ping_status":"open","sticky":false,"template":"","format":"standard","meta":{"footnotes":""},"categories":[13,563,224],"tags":[],"class_list":["post-8037","post","type-post","status-publish","format-standard","hentry","category-gma","category-hb9-switzerland","category-sota"],"_links":{"self":[{"href":"https:\/\/www.adventureradio.de\/index.php?rest_route=\/wp\/v2\/posts\/8037","targetHints":{"allow":["GET"]}}],"collection":[{"href":"https:\/\/www.adventureradio.de\/index.php?rest_route=\/wp\/v2\/posts"}],"about":[{"href":"https:\/\/www.adventureradio.de\/index.php?rest_route=\/wp\/v2\/types\/post"}],"author":[{"embeddable":true,"href":"https:\/\/www.adventureradio.de\/index.php?rest_route=\/wp\/v2\/users\/3"}],"replies":[{"embeddable":true,"href":"https:\/\/www.adventureradio.de\/index.php?rest_route=%2Fwp%2Fv2%2Fcomments&post=8037"}],"version-history":[{"count":8,"href":"https:\/\/www.adventureradio.de\/index.php?rest_route=\/wp\/v2\/posts\/8037\/revisions"}],"predecessor-version":[{"id":8054,"href":"https:\/\/www.adventureradio.de\/index.php?rest_route=\/wp\/v2\/posts\/8037\/revisions\/8054"}],"wp:attachment":[{"href":"https:\/\/www.adventureradio.de\/index.php?rest_route=%2Fwp%2Fv2%2Fmedia&parent=8037"}],"wp:term":[{"taxonomy":"category","embeddable":true,"href":"https:\/\/www.adventureradio.de\/index.php?rest_route=%2Fwp%2Fv2%2Fcategories&post=8037"},{"taxonomy":"post_tag","embeddable":true,"href":"https:\/\/www.adventureradio.de\/index.php?rest_route=%2Fwp%2Fv2%2Ftags&post=8037"}],"curies":[{"name":"wp","href":"https:\/\/api.w.org\/{rel}","templated":true}]}}