{"id":765,"date":"2010-07-26T06:21:27","date_gmt":"2010-07-26T06:21:27","guid":{"rendered":"http:\/\/www.adventureradio.de\/?p=765"},"modified":"2014-03-31T14:40:31","modified_gmt":"2014-03-31T13:40:31","slug":"unter-drachen","status":"publish","type":"post","link":"https:\/\/www.adventureradio.de\/?p=765","title":{"rendered":"Unter Drachen &#8230;"},"content":{"rendered":"<figure id=\"attachment_766\" aria-describedby=\"caption-attachment-766\" style=\"width: 500px\" class=\"wp-caption aligncenter\"><a href=\"https:\/\/www.adventureradio.de\/wp-content\/uploads\/2010\/07\/juli01.jpg\"><img loading=\"lazy\" decoding=\"async\" class=\"size-full wp-image-766\" title=\"juli01\" src=\"https:\/\/www.adventureradio.de\/wp-content\/uploads\/2010\/07\/juli01.jpg\" alt=\"Am Quast (DM\/HE-188) liefen dei Vorbereitungen zum Drachenfest 2010\" width=\"500\" height=\"300\" srcset=\"https:\/\/www.adventureradio.de\/wp-content\/uploads\/2010\/07\/juli01.jpg 500w, https:\/\/www.adventureradio.de\/wp-content\/uploads\/2010\/07\/juli01-300x180.jpg 300w\" sizes=\"auto, (max-width: 500px) 100vw, 500px\" \/><\/a><figcaption id=\"caption-attachment-766\" class=\"wp-caption-text\">Am Quast (DM\/HE-188) liefen die Vorbereitungen zum Fantasy-Rollenspiel &quot;Drachenfest 2010&quot;<\/figcaption><\/figure>\n<h3>Quast DM\/HE-188<\/h3>\n<p>Nach der Sommerhitze der vergangenen Wochen begr\u00fc\u00dfte mich ein Regenschauer und &#8222;k\u00fchle&#8220; Temperaturen am Quast. <a title=\"Der Parkplatz befindet sich etwa hier\" href=\"http:\/\/maps.google.com\/maps?q=51.485569,9.034985&amp;num=1&amp;t=h&amp;sll=51.474965,9.009052&amp;sspn=0.111265,0.256119&amp;hl=en&amp;ie=UTF8&amp;ll=51.486127,9.037971&amp;spn=0.011077,0.033023&amp;z=16\" target=\"_blank\">Ein Parkplatz liegt nicht weit entfernt von der Bergkuppe<\/a>.\u00a0 Auf dem Gipfel des Quast befand sich eine<\/p>\n<figure id=\"attachment_767\" aria-describedby=\"caption-attachment-767\" style=\"width: 150px\" class=\"wp-caption alignleft\"><a href=\"https:\/\/www.adventureradio.de\/wp-content\/uploads\/2010\/07\/juli02.jpg\"><img loading=\"lazy\" decoding=\"async\" class=\"size-thumbnail wp-image-767\" title=\"juli02\" src=\"https:\/\/www.adventureradio.de\/wp-content\/uploads\/2010\/07\/juli02.jpg?w=150\" alt=\"Auf der Aussichtplattform\" width=\"150\" height=\"112\" srcset=\"https:\/\/www.adventureradio.de\/wp-content\/uploads\/2010\/07\/juli02.jpg 500w, https:\/\/www.adventureradio.de\/wp-content\/uploads\/2010\/07\/juli02-300x225.jpg 300w\" sizes=\"auto, (max-width: 150px) 100vw, 150px\" \/><\/a><figcaption id=\"caption-attachment-767\" class=\"wp-caption-text\">Auf der Aussichtplattform<\/figcaption><\/figure>\n<p>FlaRak-Stellung der Belgier und sp\u00e4ter von der Bundeswehr. Die Anlage ist aber seit Mitte der 90er Jahre au\u00dfer Betrieb und vollst\u00e4ndig abgebaut. Man kann aber noch deutlich die Lage der Abschussrampen erkennen. Auf dem Gipfel ist eine Aussichtplattform, von der man aus weit blicken kann. So war der Sendemast\u00a0 &#8222;Bielstein&#8220; am Hermannsdenkmal (bei <a title=\"Stapelager Berg\" href=\"https:\/\/www.adventureradio.de\/2010\/06\/29\/dmnw-089-stapelager-berg-in-dlff-126\/\" target=\"_blank\">DM\/NW-089<\/a>)\u00a0 zu sehen und bei gutem Wetter ist sogar der Brocken (<a title=\"Brocken\" href=\"https:\/\/www.adventureradio.de\/2010\/03\/23\/dmsa-001-brocken-dlff-006-nationalpark-harz\/\" target=\"_blank\">DM\/SA-001<\/a>) im Harz zu erkennen.<\/p>\n<p>Das seltsame Treiben am Quast stellte sich hinterher als Vorbereitung zum Live-Action-Roll-Play (LARP) &#8222;<a title=\"Drachenfest Diemelstadt\" href=\"http:\/\/www.drachenfest.info\/\" target=\"_blank\">Drachenfest 2010<\/a>&#8220;\u00a0 heraus. Zuf\u00e4llig traf ich n\u00e4mlich dort meinen <a title=\"D23 Chaoswelle\" href=\"http:\/\/www.chaoswelle.de\" target=\"_blank\">OV Kollegen<\/a> Jeremias, DO4WJ. Er betreut die Funkanlage zu diesem Event, zu dem am n\u00e4chsten Wochenende ca. 3500 Rollenspieler erwartet werden.<\/p>\n<p>Von der Aussichtsplattform aus lie\u00df sich gut Funkbetrieb machen. Das Log f\u00fcllte sich schnell auf 20 QSO.\u00a0 Danach verabschiedete ich mich von Jeremias und wanderte weiter zum unweit gelegenen<\/p>\n<h3>Stockstein DM\/HE-560<\/h3>\n<figure id=\"attachment_768\" aria-describedby=\"caption-attachment-768\" style=\"width: 150px\" class=\"wp-caption alignleft\"><a href=\"https:\/\/www.adventureradio.de\/wp-content\/uploads\/2010\/07\/juli03.jpg\"><img loading=\"lazy\" decoding=\"async\" class=\"size-thumbnail wp-image-768\" title=\"juli03\" src=\"https:\/\/www.adventureradio.de\/wp-content\/uploads\/2010\/07\/juli03.jpg?w=150\" alt=\"Funkbetrieb tief im Wald.\" width=\"150\" height=\"112\" srcset=\"https:\/\/www.adventureradio.de\/wp-content\/uploads\/2010\/07\/juli03.jpg 500w, https:\/\/www.adventureradio.de\/wp-content\/uploads\/2010\/07\/juli03-300x225.jpg 300w\" sizes=\"auto, (max-width: 150px) 100vw, 150px\" \/><\/a><figcaption id=\"caption-attachment-768\" class=\"wp-caption-text\">Funkbetrieb tief im Wald.<\/figcaption><\/figure>\n<p>Der beste Weg hierhin f\u00fchrte quer \u00fcber das &#8222;Spielfeld&#8220;, hindurch zwischen Drachen und fragenden Blicken. Zu welchem Lager ich denn geh\u00f6ren w\u00fcrde &#8230; ahaaa &#8211; eine Funkstation sei das, prima.\u00a0 Ich s\u00e4he aus, als ob ich hier gleich mitmachen k\u00f6nnte. DC7CCC\/fantasy &#8230;<\/p>\n<p>Lieber ab in den Wald und den Stockstein bestiegen.\u00a0 Die Bergkuppe liegt im tiefsten Wald und wie zu erwarten, ging der Funkverkehr ein wenig z\u00e4h und die QRP-Station an ihre Grenzen. Dennoch kamen 19 Stationen ins Log.<\/p>\n<h3>Padberg DM\/NW-183<\/h3>\n<figure id=\"attachment_769\" aria-describedby=\"caption-attachment-769\" style=\"width: 150px\" class=\"wp-caption alignleft\"><a href=\"https:\/\/www.adventureradio.de\/wp-content\/uploads\/2010\/07\/juli04.jpg\"><img loading=\"lazy\" decoding=\"async\" class=\"size-thumbnail wp-image-769\" title=\"juli04\" src=\"https:\/\/www.adventureradio.de\/wp-content\/uploads\/2010\/07\/juli04.jpg?w=150\" alt=\"Auch der Padberg ist stark bewaldet.\" width=\"150\" height=\"112\" srcset=\"https:\/\/www.adventureradio.de\/wp-content\/uploads\/2010\/07\/juli04.jpg 500w, https:\/\/www.adventureradio.de\/wp-content\/uploads\/2010\/07\/juli04-300x225.jpg 300w\" sizes=\"auto, (max-width: 150px) 100vw, 150px\" \/><\/a><figcaption id=\"caption-attachment-769\" class=\"wp-caption-text\">Auch der Padberg ist stark bewaldet.<\/figcaption><\/figure>\n<p>Der n\u00e4chste Stopp sollte der 520m hohe Padberg bei der gleichnamigen <a title=\"Padberg\" href=\"http:\/\/de.wikipedia.org\/wiki\/Padberg\" target=\"_blank\">Ortschaft<\/a> im Naturpark Diemelsee (DLFF-048) sein. Ein Parkplatz befindet sich an der <a title=\"Pfarrkirche in Padberg\" href=\"http:\/\/de.wikipedia.org\/wiki\/St._Maria_Magdalena_%28Padberg%29\" target=\"_blank\">Pfarrkirche St. Maria Magdalena<\/a>. Von hier aus geht man zur oberhalb liegenden Kirche St. Peter. \u00dcber den Friedhof gelangt man zu einem schmalen Weg Richtung Gipfel. Auch hier liegt der Gipfel im Wald und der beginnende IOTA-Contest verursachte reichlich qrm, sodass normaler Funkbetrieb kaum noch m\u00f6glich war. Auf 30m meldeten sich nur ein paar wenige Stationen. Darum gleich weiter zur letzten Referenz des Tages:<\/p>\n<h3>Kahler Asten DM\/NW-026<\/h3>\n<figure id=\"attachment_770\" aria-describedby=\"caption-attachment-770\" style=\"width: 150px\" class=\"wp-caption alignleft\"><a href=\"https:\/\/www.adventureradio.de\/wp-content\/uploads\/2010\/07\/juli05.jpg\"><img loading=\"lazy\" decoding=\"async\" class=\"size-thumbnail wp-image-770\" title=\"juli05\" src=\"https:\/\/www.adventureradio.de\/wp-content\/uploads\/2010\/07\/juli05.jpg?w=150\" alt=\"Sonnenuntergang auf dem Kahlen Asten\" width=\"150\" height=\"112\" srcset=\"https:\/\/www.adventureradio.de\/wp-content\/uploads\/2010\/07\/juli05.jpg 500w, https:\/\/www.adventureradio.de\/wp-content\/uploads\/2010\/07\/juli05-300x225.jpg 300w\" sizes=\"auto, (max-width: 150px) 100vw, 150px\" \/><\/a><figcaption id=\"caption-attachment-770\" class=\"wp-caption-text\">Sonnenuntergang auf dem Kahlen Asten<\/figcaption><\/figure>\n<p>Auf dem Kahlen Asten hatte ich mir ein Hotelzimmer im &#8222;<a title=\"Hotel Kahler Asten\" href=\"http:\/\/www.kahlerasten.de\/\" target=\"_blank\">h\u00f6chsten Hotel Nordrhein-Westfalens<\/a>&#8220; reserviert. Vor dem Abendessen war der Gang unter die Dusche unvermeidlich.\u00a0 Der Sonnenuntergang \u00fcber der Heidelandschaft war beeindruckend. Erst nach Einbruch der Dunkelheit habe ich 5 QSO auf 40m mit IOTA-Conteststationen gemacht. Die notwendigen 4 QSO plus 1 Reserve-QSO. Das ging recht schnell vonstatten und dann ab ins Bett.<\/p>\n<h3>Ziegenhelle DM\/NW-185<\/h3>\n<table>\n<tr>\n<td valign=top>\n<figure id=\"attachment_771\" aria-describedby=\"caption-attachment-771\" style=\"width: 150px\" class=\"wp-caption alignleft\"><a href=\"https:\/\/www.adventureradio.de\/wp-content\/uploads\/2010\/07\/juli06.jpg\"><img loading=\"lazy\" decoding=\"async\" class=\"size-thumbnail wp-image-771\" title=\"juli06\" src=\"https:\/\/www.adventureradio.de\/wp-content\/uploads\/2010\/07\/juli06.jpg?w=150\" alt=\"auf der Ziegenhelle\" width=\"150\" height=\"112\" srcset=\"https:\/\/www.adventureradio.de\/wp-content\/uploads\/2010\/07\/juli06.jpg 500w, https:\/\/www.adventureradio.de\/wp-content\/uploads\/2010\/07\/juli06-300x225.jpg 300w\" sizes=\"auto, (max-width: 150px) 100vw, 150px\" \/><\/a><figcaption id=\"caption-attachment-771\" class=\"wp-caption-text\">auf der Ziegenhelle<\/figcaption><\/figure>\n<figure id=\"attachment_773\" aria-describedby=\"caption-attachment-773\" style=\"width: 150px\" class=\"wp-caption alignleft\"><a href=\"https:\/\/www.adventureradio.de\/wp-content\/uploads\/2010\/07\/juli08.jpg\"><img loading=\"lazy\" decoding=\"async\" class=\"size-thumbnail wp-image-773\" title=\"juli08\" src=\"https:\/\/www.adventureradio.de\/wp-content\/uploads\/2010\/07\/juli08.jpg?w=150\" alt=\"Wegbegleiter\" width=\"150\" height=\"112\" srcset=\"https:\/\/www.adventureradio.de\/wp-content\/uploads\/2010\/07\/juli08.jpg 500w, https:\/\/www.adventureradio.de\/wp-content\/uploads\/2010\/07\/juli08-300x225.jpg 300w\" sizes=\"auto, (max-width: 150px) 100vw, 150px\" \/><\/a><figcaption id=\"caption-attachment-773\" class=\"wp-caption-text\">Wegbegleiter<\/figcaption><\/figure>\n<figure id=\"attachment_772\" aria-describedby=\"caption-attachment-772\" style=\"width: 150px\" class=\"wp-caption alignleft\"><a href=\"https:\/\/www.adventureradio.de\/wp-content\/uploads\/2010\/07\/juli07.jpg\"><img loading=\"lazy\" decoding=\"async\" class=\"size-thumbnail wp-image-772\" title=\"juli07\" src=\"https:\/\/www.adventureradio.de\/wp-content\/uploads\/2010\/07\/juli07.jpg?w=150\" alt=\"Das WAPFI-Lager\" width=\"150\" height=\"112\" srcset=\"https:\/\/www.adventureradio.de\/wp-content\/uploads\/2010\/07\/juli07.jpg 500w, https:\/\/www.adventureradio.de\/wp-content\/uploads\/2010\/07\/juli07-300x225.jpg 300w\" sizes=\"auto, (max-width: 150px) 100vw, 150px\" \/><\/a><figcaption id=\"caption-attachment-772\" class=\"wp-caption-text\">Das WAPFI-Lager<\/figcaption><\/figure>\n<\/td>\n<td valign=top>\nNach einem guten Fr\u00fchst\u00fcck auf dem Kahlen Asten brach ich nach Z\u00fcschen auf. Man muss hier einfach nur den Hinweisschildern &#8222;Skigebiet&#8220; folgen und kommt automatisch zu einem Parkplatz an der Skih\u00fctte von dem ein Wanderweg zur Ziegenhelle f\u00fchrt. Mit 4,5 Kilometern und einem H\u00f6hengewinn von 365m ist die Ziegenhelle schon eine kleine Herausforderung. Durchweg geht es aber \u00fcber<\/p>\n<p>gute und hervorragend beschilderte Wanderwege. Auf dem Gipfel erwartet dann den Wanderer auf einer Freifl\u00e4che eine Schutzh\u00fctte und ein &#8211; gesperrter &#8211; Aussichtsturm. Die Ziegenhelle liegt im Naturpark Rothaargebirge (DLFF-103) und darum habe ich wiederum das Rufzeichen DR44WFF benutzt. Trotz Contest-QRM gelang es mir, eine ruhige Frequenz um 7.033 MHz zu finden wo ich schnell &#8222;entdeckt&#8220; wurde. Von hier aus lief es f\u00fcr<\/p>\n<p>QRP-Betrieb au\u00dferordentlich gut. In nur einer Dreiviertelstunde waren 51 Stationen im Log.<\/p>\n<p>Den R\u00fcckweg habe ich dann \u00fcber eine Skipiste abgek\u00fcrzt. Am Fu\u00dfe der Ziegenhelle liegt das Ferienlager der Pfadfinder (<a title=\"Wapfis\" href=\"http:\/\/www.wapfi.de\/\" target=\"_blank\">Wapfis<\/a>) aus meinem Heimatort. Dort habe ich dann noch einen Besuch abgestattet und mich dann auf den Heimweg gemacht.<\/p>\n<\/td>\n<\/tr>\n<\/table>\n<ul>\n<li>Station: Yaesu FT-817 ND, 5 Watt Output<\/li>\n<li>Morsetaste: Palm Radio Palm-Paddles<\/li>\n<li>Antenne: Original MP-1 von Superantennas<\/li>\n<li>Stromversorgung: YUASA 12V 2.8Ah Bleigel Akku (hat alle 5 Aktivierungen ohne Nachladen durchgehalten).<\/li>\n<\/ul>\n<p>[googlemaps http:\/\/maps.google.com\/maps\/ms?hl=en&amp;amp;ie=UTF8&amp;amp;t=h&amp;amp;om=1&amp;amp;msa=0&amp;amp;msid=101444048960101645850.00048c499256957c0eb6f&amp;amp;ll=51.132346,8.533115&amp;amp;spn=0.018851,0.042915&amp;amp;z=14&amp;amp;output=embed&amp;w=500&amp;h=350]<\/p>\n<figure id=\"attachment_782\" aria-describedby=\"caption-attachment-782\" style=\"width: 491px\" class=\"wp-caption aligncenter\"><a href=\"https:\/\/www.adventureradio.de\/wp-content\/uploads\/2010\/07\/result_juli.gif\"><img loading=\"lazy\" decoding=\"async\" class=\"size-full wp-image-782\" title=\"result_juli\" src=\"https:\/\/www.adventureradio.de\/wp-content\/uploads\/2010\/07\/result_juli.gif\" alt=\"Tour-Ergebnis\" width=\"491\" height=\"397\" \/><\/a><figcaption id=\"caption-attachment-782\" class=\"wp-caption-text\">Tour-Ergebnis<\/figcaption><\/figure>\n<p style=\"text-align:center;\"><strong><a title=\"Foto Galerie\" href=\"http:\/\/tools.adventureradio.de\/gl.php?f=20100724_henw\" target=\"_self\">weitere Fotos<\/a><\/strong><\/p>\n","protected":false},"excerpt":{"rendered":"<p>Quast DM\/HE-188 Nach der Sommerhitze der vergangenen Wochen begr\u00fc\u00dfte mich ein Regenschauer und &#8222;k\u00fchle&#8220; Temperaturen am Quast. Ein Parkplatz liegt nicht weit entfernt von der Bergkuppe.\u00a0 Auf dem Gipfel des Quast befand sich eine FlaRak-Stellung der Belgier und sp\u00e4ter von der Bundeswehr. Die Anlage ist aber seit Mitte der 90er Jahre au\u00dfer Betrieb und vollst\u00e4ndig &hellip; <\/p>\n<p class=\"link-more\"><a href=\"https:\/\/www.adventureradio.de\/?p=765\" class=\"more-link\"><span class=\"screen-reader-text\">\u201eUnter Drachen &#8230;\u201c <\/span>weiterlesen<\/a><\/p>\n","protected":false},"author":1,"featured_media":0,"comment_status":"open","ping_status":"open","sticky":false,"template":"","format":"standard","meta":{"footnotes":""},"categories":[20],"tags":[86,111,162,175,201,207,256,265,275,274],"class_list":["post-765","post","type-post","status-publish","format-standard","hentry","category-wff","tag-diemelstadt","tag-drachenfest","tag-kahler-asten","tag-marsberg","tag-padberg","tag-quast","tag-wapfi","tag-winterberg","tag-ziegenhelle","tag-zuschen"],"_links":{"self":[{"href":"https:\/\/www.adventureradio.de\/index.php?rest_route=\/wp\/v2\/posts\/765","targetHints":{"allow":["GET"]}}],"collection":[{"href":"https:\/\/www.adventureradio.de\/index.php?rest_route=\/wp\/v2\/posts"}],"about":[{"href":"https:\/\/www.adventureradio.de\/index.php?rest_route=\/wp\/v2\/types\/post"}],"author":[{"embeddable":true,"href":"https:\/\/www.adventureradio.de\/index.php?rest_route=\/wp\/v2\/users\/1"}],"replies":[{"embeddable":true,"href":"https:\/\/www.adventureradio.de\/index.php?rest_route=%2Fwp%2Fv2%2Fcomments&post=765"}],"version-history":[{"count":2,"href":"https:\/\/www.adventureradio.de\/index.php?rest_route=\/wp\/v2\/posts\/765\/revisions"}],"predecessor-version":[{"id":4987,"href":"https:\/\/www.adventureradio.de\/index.php?rest_route=\/wp\/v2\/posts\/765\/revisions\/4987"}],"wp:attachment":[{"href":"https:\/\/www.adventureradio.de\/index.php?rest_route=%2Fwp%2Fv2%2Fmedia&parent=765"}],"wp:term":[{"taxonomy":"category","embeddable":true,"href":"https:\/\/www.adventureradio.de\/index.php?rest_route=%2Fwp%2Fv2%2Fcategories&post=765"},{"taxonomy":"post_tag","embeddable":true,"href":"https:\/\/www.adventureradio.de\/index.php?rest_route=%2Fwp%2Fv2%2Ftags&post=765"}],"curies":[{"name":"wp","href":"https:\/\/api.w.org\/{rel}","templated":true}]}}