{"id":68,"date":"2009-07-15T12:44:18","date_gmt":"2009-07-15T12:44:18","guid":{"rendered":"http:\/\/www.adventureradio.de\/?p=68"},"modified":"2009-07-15T12:44:18","modified_gmt":"2009-07-15T12:44:18","slug":"terra-vita-um-150-qkm-erweitert","status":"publish","type":"post","link":"https:\/\/www.adventureradio.de\/?p=68","title":{"rendered":"TERRA.vita um 150 qkm erweitert"},"content":{"rendered":"<p><img loading=\"lazy\" decoding=\"async\" class=\"alignleft size-full wp-image-71\" title=\"TVOTA\" src=\"https:\/\/www.adventureradio.de\/wp-content\/uploads\/2009\/07\/061.jpg\" alt=\"06[1]\" width=\"200\" height=\"133\" \/>Die <a title=\"NOZ\" href=\"http:\/\/www.neue-oz.de\" target=\"_blank\">Neue Osnabr\u00fccker Zeitung<\/a> (NOZ) berichtet heute in ihrer Ausgabe, dass der <a title=\"TERRA.vita\" href=\"http:\/\/www.naturpark-terravita.de\" target=\"_blank\">Natur- und Geopark TERRA.vita<\/a> um 150 qkm erweitert wurde.Es handelt sich dabei um Gebiete in den Gemeinden Lotte, Westerkappeln, Ibbenb\u00fcren, Mettingen, Recke, Hopsten und H\u00f6rstel. Dadurch werden auch einige wenige neue Referenzen f\u00fcr das <a title=\"TVOTA Terra Vita on the Air\" href=\"http:\/\/tvota.adventureradio.de\" target=\"_blank\">TERRA.vita on the Air (TVOTA<\/a>) Programm hinzukommen.<\/p>\n<p>Sobald die Grenzen der neuen Gebiete auf der Webseite des Naturparks ver\u00f6ffentlicht werden, k\u00f6nnen auch neue Referenzen vergeben werden (z.B. Schafberg in Ibbenb\u00fcren)<\/p>\n<p>Link:<\/p>\n<ul>\n<li><a title=\"TVOTA Terra Vita on the Air\" href=\"http:\/\/tvota.adventureradio.de\/\" target=\"_blank\">TERRA.vita on the Air (TVOTA<\/a>)<\/li>\n<\/ul>\n","protected":false},"excerpt":{"rendered":"<p>Die Neue Osnabr\u00fccker Zeitung (NOZ) berichtet heute in ihrer Ausgabe, dass der Natur- und Geopark TERRA.vita um 150 qkm erweitert wurde.Es handelt sich dabei um Gebiete in den Gemeinden Lotte, Westerkappeln, Ibbenb\u00fcren, Mettingen, Recke, Hopsten und H\u00f6rstel. Dadurch werden auch einige wenige neue Referenzen f\u00fcr das TERRA.vita on the Air (TVOTA) Programm hinzukommen. Sobald die &hellip; <\/p>\n<p class=\"link-more\"><a href=\"https:\/\/www.adventureradio.de\/?p=68\" class=\"more-link\"><span class=\"screen-reader-text\">\u201eTERRA.vita um 150 qkm erweitert\u201c <\/span>weiterlesen<\/a><\/p>\n","protected":false},"author":2,"featured_media":0,"comment_status":"open","ping_status":"open","sticky":false,"template":"","format":"standard","meta":{"footnotes":""},"categories":[1],"tags":[],"class_list":["post-68","post","type-post","status-publish","format-standard","hentry","category-uncategorized"],"_links":{"self":[{"href":"https:\/\/www.adventureradio.de\/index.php?rest_route=\/wp\/v2\/posts\/68","targetHints":{"allow":["GET"]}}],"collection":[{"href":"https:\/\/www.adventureradio.de\/index.php?rest_route=\/wp\/v2\/posts"}],"about":[{"href":"https:\/\/www.adventureradio.de\/index.php?rest_route=\/wp\/v2\/types\/post"}],"author":[{"embeddable":true,"href":"https:\/\/www.adventureradio.de\/index.php?rest_route=\/wp\/v2\/users\/2"}],"replies":[{"embeddable":true,"href":"https:\/\/www.adventureradio.de\/index.php?rest_route=%2Fwp%2Fv2%2Fcomments&post=68"}],"version-history":[{"count":0,"href":"https:\/\/www.adventureradio.de\/index.php?rest_route=\/wp\/v2\/posts\/68\/revisions"}],"wp:attachment":[{"href":"https:\/\/www.adventureradio.de\/index.php?rest_route=%2Fwp%2Fv2%2Fmedia&parent=68"}],"wp:term":[{"taxonomy":"category","embeddable":true,"href":"https:\/\/www.adventureradio.de\/index.php?rest_route=%2Fwp%2Fv2%2Fcategories&post=68"},{"taxonomy":"post_tag","embeddable":true,"href":"https:\/\/www.adventureradio.de\/index.php?rest_route=%2Fwp%2Fv2%2Ftags&post=68"}],"curies":[{"name":"wp","href":"https:\/\/api.w.org\/{rel}","templated":true}]}}