{"id":6658,"date":"2016-01-18T18:18:56","date_gmt":"2016-01-18T17:18:56","guid":{"rendered":"http:\/\/www.adventureradio.de\/?p=6658"},"modified":"2016-01-18T18:18:56","modified_gmt":"2016-01-18T17:18:56","slug":"dmns-026-hueggel","status":"publish","type":"post","link":"https:\/\/www.adventureradio.de\/?p=6658","title":{"rendered":"DM\/NS-026 &#8211; H\u00fcggel"},"content":{"rendered":"<p>Die vermutlich letzte, f\u00fcr <a href=\"http:\/\/www.sota.org.uk\/\" target=\"_blank\">SOTA<\/a> g\u00fcltige, Aktivierung des H\u00fcggels. Zum 1. M\u00e4rz 2016 werden hunderte Gipfel aus der deutschen SOTA Liste gestrichen, weil auch im Mittelgebirge die Ma\u00dfst\u00e4be der Hochgebirge angewendet werden: 150m <a href=\"https:\/\/de.wikipedia.org\/wiki\/Schartenh%C3%B6he\" target=\"_blank\">Schartenh\u00f6he<\/a>. Das bedeutet, hier in der Osnabr\u00fccker Gegend bleibt nur noch der D\u00f6renberg \u00fcbrig &#8230; aber zum Gl\u00fcck gibt es ja &#8222;<a href=\"http:\/\/www.cqgma.net\" target=\"_blank\">GMA<\/a>&#8222;, bei dem keine Schartenh\u00f6he angewandt wird, sondern der Spa\u00df im Vordergrund steht.<\/p>\n<p>\r\n\t\t\t\t\t\n\r\n\t\t\t\t\t<!-- START UNITE GALLERY 1.7.62 -->\r\n\t\t\t\t\t\r\n\t\t\t\t\n\t\t\t<div id='unitegallery_23_1' class='unite-gallery' style='margin:0px auto;'>\n\t\t\t\t\n\n\t\t\t\t\t\t<img alt=\"Operator\"\n\t\t\t\t\t\t     src=\"\" data-image=\"https:\/\/www.adventureradio.de\/wp-content\/uploads\/2016\/01\/ns02620164.jpg\"\n\t\t\t\t\t\t     data-thumb=\"https:\/\/www.adventureradio.de\/wp-content\/uploads\/2016\/01\/ns02620164-300x169.jpg\"\n\t\t\t\t\t\t     title=\"\"\n\t\t\t\t\t\t     style=\"display:none\">\n\n\t\t\t\t\t\t<img alt=\"Antenna-Mast\"\n\t\t\t\t\t\t     src=\"\" data-image=\"https:\/\/www.adventureradio.de\/wp-content\/uploads\/2016\/01\/ns02620163.jpg\"\n\t\t\t\t\t\t     data-thumb=\"https:\/\/www.adventureradio.de\/wp-content\/uploads\/2016\/01\/ns02620163-169x300.jpg\"\n\t\t\t\t\t\t     title=\"\"\n\t\t\t\t\t\t     style=\"display:none\">\n\n\t\t\t\t\t\t<img alt=\"QSO-Map\"\n\t\t\t\t\t\t     src=\"\" data-image=\"https:\/\/www.adventureradio.de\/wp-content\/uploads\/2016\/01\/ns02620161.jpg\"\n\t\t\t\t\t\t     data-thumb=\"https:\/\/www.adventureradio.de\/wp-content\/uploads\/2016\/01\/ns02620161-300x220.jpg\"\n\t\t\t\t\t\t     title=\"\"\n\t\t\t\t\t\t     style=\"display:none\">\n\t\t\t<\/div>\n\n\t\t\t<script type='text\/javascript'>\n\t\t\t\twindow.onload = function(e) {\n\t\t\t\t\tif(typeof ugCheckForErrors == \"undefined\"){\n\t\t\t\t\t\tdocument.getElementById(\"unitegallery_23_1\").innerHTML = \"<span style='color:red'>Unite Gallery Error - gallery js and css files not included in the footer. Please make sure that wp_footer() function is added to your theme.<\/span>\";}\n\t\t\t\t\telse{ ugCheckForErrors(\"unitegallery_23_1\", \"jquery\");}\n\t\t\t\t};\n\t\t\t<\/script>\n\n\t\t\t<!-- END UNITEGALLERY --><\/p>\n<p>&nbsp;<\/p>\n<p>&nbsp;<\/p>\n<p>&nbsp;<\/p>\n","protected":false},"excerpt":{"rendered":"<p>Die vermutlich letzte, f\u00fcr SOTA g\u00fcltige, Aktivierung des H\u00fcggels. Zum 1. M\u00e4rz 2016 werden hunderte Gipfel aus der deutschen SOTA Liste gestrichen, weil auch im Mittelgebirge die Ma\u00dfst\u00e4be der Hochgebirge angewendet werden: 150m Schartenh\u00f6he. Das bedeutet, hier in der Osnabr\u00fccker Gegend bleibt nur noch der D\u00f6renberg \u00fcbrig &#8230; aber zum Gl\u00fcck gibt es ja &#8222;GMA&#8222;, &hellip; <\/p>\n<p class=\"link-more\"><a href=\"https:\/\/www.adventureradio.de\/?p=6658\" class=\"more-link\"><span class=\"screen-reader-text\">\u201eDM\/NS-026 &#8211; H\u00fcggel\u201c <\/span>weiterlesen<\/a><\/p>\n","protected":false},"author":3,"featured_media":6660,"comment_status":"open","ping_status":"open","sticky":false,"template":"","format":"standard","meta":{"footnotes":""},"categories":[394,13,374,224],"tags":[485,525,499],"class_list":["post-6658","post","type-post","status-publish","format-standard","has-post-thumbnail","hentry","category-dlff-wff","category-gma","category-osnabruecker-bergland","category-sota","tag-gma","tag-schartenhoehe","tag-sota"],"_links":{"self":[{"href":"https:\/\/www.adventureradio.de\/index.php?rest_route=\/wp\/v2\/posts\/6658","targetHints":{"allow":["GET"]}}],"collection":[{"href":"https:\/\/www.adventureradio.de\/index.php?rest_route=\/wp\/v2\/posts"}],"about":[{"href":"https:\/\/www.adventureradio.de\/index.php?rest_route=\/wp\/v2\/types\/post"}],"author":[{"embeddable":true,"href":"https:\/\/www.adventureradio.de\/index.php?rest_route=\/wp\/v2\/users\/3"}],"replies":[{"embeddable":true,"href":"https:\/\/www.adventureradio.de\/index.php?rest_route=%2Fwp%2Fv2%2Fcomments&post=6658"}],"version-history":[{"count":6,"href":"https:\/\/www.adventureradio.de\/index.php?rest_route=\/wp\/v2\/posts\/6658\/revisions"}],"predecessor-version":[{"id":6668,"href":"https:\/\/www.adventureradio.de\/index.php?rest_route=\/wp\/v2\/posts\/6658\/revisions\/6668"}],"wp:featuredmedia":[{"embeddable":true,"href":"https:\/\/www.adventureradio.de\/index.php?rest_route=\/wp\/v2\/media\/6660"}],"wp:attachment":[{"href":"https:\/\/www.adventureradio.de\/index.php?rest_route=%2Fwp%2Fv2%2Fmedia&parent=6658"}],"wp:term":[{"taxonomy":"category","embeddable":true,"href":"https:\/\/www.adventureradio.de\/index.php?rest_route=%2Fwp%2Fv2%2Fcategories&post=6658"},{"taxonomy":"post_tag","embeddable":true,"href":"https:\/\/www.adventureradio.de\/index.php?rest_route=%2Fwp%2Fv2%2Ftags&post=6658"}],"curies":[{"name":"wp","href":"https:\/\/api.w.org\/{rel}","templated":true}]}}