{"id":6443,"date":"2015-09-13T23:13:56","date_gmt":"2015-09-13T22:13:56","guid":{"rendered":"http:\/\/www.adventureradio.de\/?p=6443"},"modified":"2016-06-16T14:24:01","modified_gmt":"2016-06-16T12:24:01","slug":"darc-und-integration-von-menschen-mit-behinderung","status":"publish","type":"post","link":"https:\/\/www.adventureradio.de\/?p=6443","title":{"rendered":"DARC und Integration von Menschen mit Behinderung"},"content":{"rendered":"<p>Ja, ich bin ausgetreten, schon Anfang des Jahres.<\/p>\n<p>Gr\u00fcnde, um aus dem DARC auszutreten k\u00f6nnen vielf\u00e4ltig sein. Der immens hohe Mitgliedsbeitrag bei einer eher schwachen Gegenleistung hat vor gut einem Jahr zu heftigen <a href=\"http:\/\/is.gd\/L2XpJy\" target=\"_blank\">Diskussionen<\/a> unter den Mitgliedern gef\u00fchrt; Personalentscheidungen mit dadurch verbundenen hohen Kosten (Entlassung Gesch\u00e4ftsf\u00fchrerin, 200.000 \u20ac Abfindung) sorgten f\u00fcr Verstimmungen; Distriktsvorsitzende, die nicht den Auftrag der Distriksversammlung in die Hauptversammlung weitertragen, sondern dennoch nach eigenem Gutd\u00fcnken abstimmen, sind ein \u00c4rgernis. Dazu kommen noch die vielen kleinen organisatorischen Schwierigkeiten, die sich ebenfalls aufsummieren.<\/p>\n<p><a href=\"https:\/\/www.adventureradio.de\/wp-content\/uploads\/2015\/09\/mmb.jpg\"><img loading=\"lazy\" decoding=\"async\" class=\"alignleft size-medium wp-image-6512\" src=\"https:\/\/www.adventureradio.de\/wp-content\/uploads\/2015\/09\/mmb-212x300.jpg\" alt=\"\" width=\"212\" height=\"300\" srcset=\"https:\/\/www.adventureradio.de\/wp-content\/uploads\/2015\/09\/mmb-212x300.jpg 212w, https:\/\/www.adventureradio.de\/wp-content\/uploads\/2015\/09\/mmb-543x768.jpg 543w, https:\/\/www.adventureradio.de\/wp-content\/uploads\/2015\/09\/mmb.jpg 595w\" sizes=\"auto, (max-width: 212px) 100vw, 212px\" \/><\/a>Das sind jedoch alles Nebenschaupl\u00e4tze, die vielleicht in meine Entscheidung mit eingeflossen sind, der Hauptgrund liegt jedoch ganz woanders. Meine lizenzierte XYL ist schwer an <a href=\"https:\/\/de.wikipedia.org\/wiki\/Multiple_Sklerose\" target=\"_blank\">MS<\/a> erkrankt, sie ist auf einen elektrischen Rollstuhl angewiesen. Vielleicht ist sie nicht so die begeisterte Funkamat\u00f6se, aber wir machen zusammen gerne Outdoor-Funk-Aktivit\u00e4ten. Flora + Fauna, Bergfunk, Islands on the Air &#8230; wo es eben geht.<\/p>\n<p>Zum Beispiel haben wir gemeinsam den Wurmberg und den Brocken erklommen, waren von Nordseeinseln qrv, Flora+Fauna sowieso. Durch befreundete Funkamateure sind wir auf &#8222;COTA &#8211; Castles on the Air&#8220; gekommen und haben einige Burgen aktiviert. In der n\u00e4heren Umgebung unseres Heimatortes liegen etliche Burgen und Schl\u00f6sser, die sogar fu\u00dfl\u00e4ufig zu erreichen w\u00e4ren; leider ohne COTA\/WCA Referenz. Also habe ich den COTA-Koordinator des Distriktes Nordsee angeschrieben und um die Vergabe von Referenznummern gebeten.<\/p>\n<p>Zu meiner \u00dcberraschung wurde mein Wunsch mit der Begr\u00fcndung abgelehnt, dass es noch viele nicht-aktivierte COTA\/WCA-Referenzen g\u00e4be. Ich gab dem COTA-Koordinator zu bedenken, dass meine Frau auf den Rollstuhl angewiesen ist und da diese &#8222;vielen&#8220; Burgen nicht in unserer Region liegen, ist es immer mit viel Umstand verbunden, eine Fahrt mit dem PKW zu machen &#8211; au\u00dferdem hei\u00dft es schon unter Punkt 3 im <a href=\"https:\/\/www.darc.de\/der-club\/allgemeines\/#c35445\" target=\"_blank\">Leitbild des DARC<\/a>:<\/p>\n<p><strong>Amateurfunk ist der Weg, um<\/strong><\/p>\n<p><strong>\u25cf Menschen mit Behinderung zu integrieren,<\/strong><\/p>\n<p>Die Antwort fiel so aus: dass mit meiner Frau t\u00e4te dem COTA-Koordinator leid, aber solange er es zu sagen h\u00e4tte, werde es so gemacht wie er es will und es werden keine neuen Referenzen in unserer Region eingerichtet. Wir k\u00f6nnten die Burgen ja auch ohne Referenz aktivieren.<\/p>\n<p>Wow &#8211; \u00fcber soviel soziale Kompetenz kann man sich nur verwundert die Augen reiben! Wo &#8211; bittesch\u00f6n &#8211; ist hier die Integration von Menschen mit Behinderung? Diese &#8222;sensible&#8220; Antwort schl\u00e4gt ein wie ein Streitkolben auf den Harnisch (mittelalterliche Geb\u00e4ude, mittelalterliche Einstellung). Wem tut es weh, ob es einige Referenzen mehr in Deutschland gibt?<\/p>\n<p>Gleiches Spiel \u00fcbrigens mit dem COTA-Koordinater Westfalen-Nord (N): es g\u00e4be genug Referenzen.<\/p>\n<p>Einige kleine Dinge mehr in dieser Angelegenheit haben mich zum Entschluss gebracht: Integration von Menschen mit Behinderung und DARC = Lippenbekenntnis. Die K\u00fcndigung ging nach Baunatal.<\/p>\n<p>Dem DARC Vorsitzenden habe ich ausf\u00fchrlich meinen Austrittsgrund mitgeteilt und Verbesserungsvorschl\u00e4ge gemacht, nachdem mir vom DARC bescheinigt wurde, ich w\u00fcrde nun nicht mehr zur Gemeinschaft der deutschen Funkamateure geh\u00f6ren (so ein Vokabular erinnert mich eher an religi\u00f6se Sekten. \u00dcbrigens, nur etwa <a href=\"https:\/\/de.wikipedia.org\/wiki\/Deutscher_Amateur-Radio-Club\" target=\"_blank\">die H\u00e4lfte der deutschen lizenzierten Funkamateure ist Mitglied im DARC<\/a>). Der arme Kerl meldete sich per E-Mail, dass er mit der HAM Radio Messe sooooo viel zu tun h\u00e4tte und sp\u00e4ter darauf zur\u00fcckkommen w\u00fcrde.<\/p>\n<p>Aha &#8211; inzwischen haben wir September 2015 &#8230;<\/p>\n<p><strong>Links:<\/strong><\/p>\n<ul>\n<li>Leitbild des DARC: <a href=\"http:\/\/www.darc.de\/darc-info\/\" target=\"_blank\">http:\/\/www.darc.de\/darc-info\/<\/a><\/li>\n<li>COTA Koordinatoren: <a href=\"http:\/\/www.cotagroup.org\/cotagroup\/dl-wca\/cota-germany\" target=\"_blank\">http:\/\/www.cotagroup.org\/cotagroup\/dl-wca\/cota-germany<\/a><\/li>\n<li>Vorsitzender DARC: <a href=\"http:\/\/www.darc.de\/vorstand\/\" target=\"_blank\">http:\/\/www.darc.de\/vorstand\/<\/a><\/li>\n<\/ul>\n<p>&nbsp;<\/p>\n<p>\r\n\t\t\t\t\t\n\r\n\t\t\t\t\t<!-- START UNITE GALLERY 1.7.62 -->\r\n\t\t\t\t\t\r\n\t\t\t\t\n\t\t\t<div id='unitegallery_11_1' class='unite-gallery' style='margin:0px auto;'>\n\t\t\t\t\n\n\t\t\t\t\t\t<img alt=\"@ Wurmberg, DM\/NS-001\"\n\t\t\t\t\t\t     src=\"\" data-image=\"https:\/\/www.adventureradio.de\/wp-content\/uploads\/2011\/05\/2011052302.jpg\"\n\t\t\t\t\t\t     data-thumb=\"https:\/\/www.adventureradio.de\/wp-content\/uploads\/2011\/05\/2011052302-300x225.jpg\"\n\t\t\t\t\t\t     title=\"Bettina (DC1BF) and Mario (DL4MFM)  climbing the Wurmberg\"\n\t\t\t\t\t\t     style=\"display:none\">\n\n\t\t\t\t\t\t<img alt=\"@ Steinberg, DM\/NW-250\"\n\t\t\t\t\t\t     src=\"\" data-image=\"https:\/\/www.adventureradio.de\/wp-content\/uploads\/2015\/09\/steinberg_hdr.jpg\"\n\t\t\t\t\t\t     data-thumb=\"https:\/\/www.adventureradio.de\/wp-content\/uploads\/2015\/09\/steinberg_hdr-223x300.jpg\"\n\t\t\t\t\t\t     title=\"DC1BF + DL4MFM mit einer UKW Aktivit\u00e4t auf dem Steinberg\"\n\t\t\t\t\t\t     style=\"display:none\">\n\n\t\t\t\t\t\t<img alt=\"@ Diedrichsburg DL00276\"\n\t\t\t\t\t\t     src=\"\" data-image=\"https:\/\/www.adventureradio.de\/wp-content\/uploads\/2015\/09\/diedrichsburg_hdr.jpg\"\n\t\t\t\t\t\t     data-thumb=\"https:\/\/www.adventureradio.de\/wp-content\/uploads\/2015\/09\/diedrichsburg_hdr-300x223.jpg\"\n\t\t\t\t\t\t     title=\"DC1BF\/p und DL4MFM\/p an der Diedrichsburg (WCA DL00276)\"\n\t\t\t\t\t\t     style=\"display:none\">\n\t\t\t<\/div>\n\n\t\t\t<script type='text\/javascript'>\n\t\t\t\twindow.onload = function(e) {\n\t\t\t\t\tif(typeof ugCheckForErrors == \"undefined\"){\n\t\t\t\t\t\tdocument.getElementById(\"unitegallery_11_1\").innerHTML = \"<span style='color:red'>Unite Gallery Error - gallery js and css files not included in the footer. Please make sure that wp_footer() function is added to your theme.<\/span>\";}\n\t\t\t\t\telse{ ugCheckForErrors(\"unitegallery_11_1\", \"jquery\");}\n\t\t\t\t};\n\t\t\t<\/script>\n\n\t\t\t<!-- END UNITEGALLERY --><\/p>\n","protected":false},"excerpt":{"rendered":"<p>Ja, ich bin ausgetreten, schon Anfang des Jahres. Gr\u00fcnde, um aus dem DARC auszutreten k\u00f6nnen vielf\u00e4ltig sein. Der immens hohe Mitgliedsbeitrag bei einer eher schwachen Gegenleistung hat vor gut einem Jahr zu heftigen Diskussionen unter den Mitgliedern gef\u00fchrt; Personalentscheidungen mit dadurch verbundenen hohen Kosten (Entlassung Gesch\u00e4ftsf\u00fchrerin, 200.000 \u20ac Abfindung) sorgten f\u00fcr Verstimmungen; Distriktsvorsitzende, die nicht &hellip; <\/p>\n<p class=\"link-more\"><a href=\"https:\/\/www.adventureradio.de\/?p=6443\" class=\"more-link\"><span class=\"screen-reader-text\">\u201eDARC und Integration von Menschen mit Behinderung\u201c <\/span>weiterlesen<\/a><\/p>\n","protected":false},"author":3,"featured_media":0,"comment_status":"open","ping_status":"open","sticky":false,"template":"","format":"standard","meta":{"footnotes":""},"categories":[509],"tags":[339,511,510],"class_list":["post-6443","post","type-post","status-publish","format-standard","hentry","category-darc","tag-darc","tag-integration","tag-menschen-mit-behinderung"],"_links":{"self":[{"href":"https:\/\/www.adventureradio.de\/index.php?rest_route=\/wp\/v2\/posts\/6443","targetHints":{"allow":["GET"]}}],"collection":[{"href":"https:\/\/www.adventureradio.de\/index.php?rest_route=\/wp\/v2\/posts"}],"about":[{"href":"https:\/\/www.adventureradio.de\/index.php?rest_route=\/wp\/v2\/types\/post"}],"author":[{"embeddable":true,"href":"https:\/\/www.adventureradio.de\/index.php?rest_route=\/wp\/v2\/users\/3"}],"replies":[{"embeddable":true,"href":"https:\/\/www.adventureradio.de\/index.php?rest_route=%2Fwp%2Fv2%2Fcomments&post=6443"}],"version-history":[{"count":15,"href":"https:\/\/www.adventureradio.de\/index.php?rest_route=\/wp\/v2\/posts\/6443\/revisions"}],"predecessor-version":[{"id":6907,"href":"https:\/\/www.adventureradio.de\/index.php?rest_route=\/wp\/v2\/posts\/6443\/revisions\/6907"}],"wp:attachment":[{"href":"https:\/\/www.adventureradio.de\/index.php?rest_route=%2Fwp%2Fv2%2Fmedia&parent=6443"}],"wp:term":[{"taxonomy":"category","embeddable":true,"href":"https:\/\/www.adventureradio.de\/index.php?rest_route=%2Fwp%2Fv2%2Fcategories&post=6443"},{"taxonomy":"post_tag","embeddable":true,"href":"https:\/\/www.adventureradio.de\/index.php?rest_route=%2Fwp%2Fv2%2Ftags&post=6443"}],"curies":[{"name":"wp","href":"https:\/\/api.w.org\/{rel}","templated":true}]}}