{"id":547,"date":"2010-04-25T19:16:19","date_gmt":"2010-04-25T19:16:19","guid":{"rendered":"http:\/\/www.adventureradio.de\/?p=547"},"modified":"2010-04-25T19:16:19","modified_gmt":"2010-04-25T19:16:19","slug":"dmns-108-piesberg-in-naturpark-terra-vita-dlff-125","status":"publish","type":"post","link":"https:\/\/www.adventureradio.de\/?p=547","title":{"rendered":"DM\/NS-108 Piesberg (DLFF-125 Natur- und Geopark TERRA.vita)"},"content":{"rendered":"<figure id=\"attachment_551\" aria-describedby=\"caption-attachment-551\" style=\"width: 500px\" class=\"wp-caption aligncenter\"><a href=\"https:\/\/www.adventureradio.de\/wp-content\/uploads\/2010\/04\/dlff125b.jpg\"><img loading=\"lazy\" decoding=\"async\" class=\"size-full wp-image-551\" title=\"dlff125b\" src=\"https:\/\/www.adventureradio.de\/wp-content\/uploads\/2010\/04\/dlff125b.jpg\" alt=\"\" width=\"500\" height=\"300\" srcset=\"https:\/\/www.adventureradio.de\/wp-content\/uploads\/2010\/04\/dlff125b.jpg 500w, https:\/\/www.adventureradio.de\/wp-content\/uploads\/2010\/04\/dlff125b-300x180.jpg 300w\" sizes=\"auto, (max-width: 500px) 100vw, 500px\" \/><\/a><figcaption id=\"caption-attachment-551\" class=\"wp-caption-text\">Vergissmeinnicht bl\u00fchen auf dem Piesberg<\/figcaption><\/figure>\n<figure id=\"attachment_552\" aria-describedby=\"caption-attachment-552\" style=\"width: 150px\" class=\"wp-caption alignleft\"><a href=\"https:\/\/www.adventureradio.de\/wp-content\/uploads\/2010\/04\/dlff125c.jpg\"><img loading=\"lazy\" decoding=\"async\" class=\"size-thumbnail wp-image-552\" title=\"dlff125c\" src=\"https:\/\/www.adventureradio.de\/wp-content\/uploads\/2010\/04\/dlff125c.jpg?w=150\" alt=\"\" width=\"150\" height=\"112\" srcset=\"https:\/\/www.adventureradio.de\/wp-content\/uploads\/2010\/04\/dlff125c.jpg 512w, https:\/\/www.adventureradio.de\/wp-content\/uploads\/2010\/04\/dlff125c-300x225.jpg 300w\" sizes=\"auto, (max-width: 150px) 100vw, 150px\" \/><\/a><figcaption id=\"caption-attachment-552\" class=\"wp-caption-text\">Operation Site auf dem Piesberg<\/figcaption><\/figure>\n<p>Nachdem es nun nach der Erweiterung der FF-Referenzen in Deutschland vor meiner Haust\u00fcr den <a title=\"TERRA.vita\" href=\"http:\/\/www.naturpark-terravita.de\/\" target=\"_blank\">TERRA.vita Natur- und Geopark<\/a> mit der Nummer DLFF-125 gibt, lud das Wetter heute zu einer kleinen Aktivierung auf dem Piesberg (<a title=\"Piesberg\" href=\"http:\/\/www.sotawatch.org\/summits.php?summit=DM\/NS-108\" target=\"_blank\">ex SOTA DM\/NS-108<\/a>) ein.\u00a0 Co-Operator Anton und ich bestiegen das erste Mal in diesem Jahr mit der Kurzwelle im Rucksack den Piesberg. Als Gegengewicht zur MP-1 Antennen sollte das mehrere 100m lange Gel\u00e4nder dienen. Mit so<\/p>\n<figure id=\"attachment_550\" aria-describedby=\"caption-attachment-550\" style=\"width: 150px\" class=\"wp-caption alignleft\"><a href=\"https:\/\/www.adventureradio.de\/wp-content\/uploads\/2010\/04\/dlff125a.jpg\"><img loading=\"lazy\" decoding=\"async\" class=\"size-thumbnail wp-image-550\" title=\"dlff125a\" src=\"https:\/\/www.adventureradio.de\/wp-content\/uploads\/2010\/04\/dlff125a.jpg?w=150\" alt=\"\" width=\"150\" height=\"112\" srcset=\"https:\/\/www.adventureradio.de\/wp-content\/uploads\/2010\/04\/dlff125a.jpg 512w, https:\/\/www.adventureradio.de\/wp-content\/uploads\/2010\/04\/dlff125a-300x225.jpg 300w\" sizes=\"auto, (max-width: 150px) 100vw, 150px\" \/><\/a><figcaption id=\"caption-attachment-550\" class=\"wp-caption-text\">Co-Operator Anton<\/figcaption><\/figure>\n<p>einem Gel\u00e4nder habe ich schon gute Erfahrungen auf dem Wittekindsberg bei Porta Westfalica gemacht.<\/p>\n<p>Nach dem Aufbau der Station h\u00f6rte ich auf den \u00fcblichen SOTA Frequenzen und arbeitete OK1IF\/p auf dem Jested, OK\/LI-010. Den Berg kenne ich, dort bin ich schon mit dem Motorrad vorbeigekommen. Auf dem Jested steht ein<\/p>\n<figure id=\"attachment_549\" aria-describedby=\"caption-attachment-549\" style=\"width: 500px\" class=\"wp-caption aligncenter\"><a href=\"https:\/\/www.adventureradio.de\/wp-content\/uploads\/2010\/04\/dlff125.jpg\"><img loading=\"lazy\" decoding=\"async\" class=\"size-full wp-image-549\" title=\"dlff125\" src=\"https:\/\/www.adventureradio.de\/wp-content\/uploads\/2010\/04\/dlff125.jpg\" alt=\"\" width=\"500\" height=\"74\" srcset=\"https:\/\/www.adventureradio.de\/wp-content\/uploads\/2010\/04\/dlff125.jpg 500w, https:\/\/www.adventureradio.de\/wp-content\/uploads\/2010\/04\/dlff125-300x44.jpg 300w\" sizes=\"auto, (max-width: 500px) 100vw, 500px\" \/><\/a><figcaption id=\"caption-attachment-549\" class=\"wp-caption-text\">SHOW\/DX<\/figcaption><\/figure>\n<p>ungew\u00f6hnlicher <a title=\"Jested\" href=\"http:\/\/de.wikipedia.org\/wiki\/Je%C5%A1t%C4%9Bd\" target=\"_blank\">Fernsehturm<\/a> oberhalb von Liberec. Etliche Station riefen sofort MICH an. Vermutlich wegen dem \/P im Call. Aber es war ja die QRG von OK1IF. Also QSY auf 7024 kHz. Nach ein paar CQ-Rufen die ersten QSOs. Man merkte gleich: Da muss etwas im DX-Cluster gemeldet worden sein. Die vorerst nur vereinzelten Anufe verschmolzen in einen CW-Brei oder gar Dauerton. Es war so gut wie nichts mehr zu h\u00f6ren. Der Empf\u00e4nger des FT-817 war komplett \u00fcberfordert. Auch die Disziplin der anrufenden Stationen war nicht immer HAM-like. Schade. Ich h\u00e4tte durchaus die doppelte Anzahl Stationen erreichen k\u00f6nnen. Aber auch so: 55 QSO in einer knappen Dreiveiertelstunde waren schon \u00fcberw\u00e4ltigend! Dann meinte Co-OP\u00a0 Anton:\u00a0 &#8222;Ich habe keine Lust mehr &#8230; &#8220; \ud83d\ude09<\/p>\n<p>Danke f\u00fcr die QSO und die Spots &#8230; WFF geht weiter &#8230;<\/p>\n<figure id=\"attachment_548\" aria-describedby=\"caption-attachment-548\" style=\"width: 273px\" class=\"wp-caption aligncenter\"><a href=\"https:\/\/www.adventureradio.de\/wp-content\/uploads\/2010\/04\/dlff125e.jpg\"><img loading=\"lazy\" decoding=\"async\" class=\"size-full wp-image-548\" title=\"dlff125e\" src=\"https:\/\/www.adventureradio.de\/wp-content\/uploads\/2010\/04\/dlff125e.jpg\" alt=\"\" width=\"273\" height=\"462\" srcset=\"https:\/\/www.adventureradio.de\/wp-content\/uploads\/2010\/04\/dlff125e.jpg 273w, https:\/\/www.adventureradio.de\/wp-content\/uploads\/2010\/04\/dlff125e-177x300.jpg 177w\" sizes=\"auto, (max-width: 273px) 100vw, 273px\" \/><\/a><figcaption id=\"caption-attachment-548\" class=\"wp-caption-text\">Result after 42 Minutes<\/figcaption><\/figure>\n","protected":false},"excerpt":{"rendered":"<p>Nachdem es nun nach der Erweiterung der FF-Referenzen in Deutschland vor meiner Haust\u00fcr den TERRA.vita Natur- und Geopark mit der Nummer DLFF-125 gibt, lud das Wetter heute zu einer kleinen Aktivierung auf dem Piesberg (ex SOTA DM\/NS-108) ein.\u00a0 Co-Operator Anton und ich bestiegen das erste Mal in diesem Jahr mit der Kurzwelle im Rucksack den &hellip; <\/p>\n<p class=\"link-more\"><a href=\"https:\/\/www.adventureradio.de\/?p=547\" class=\"more-link\"><span class=\"screen-reader-text\">\u201eDM\/NS-108 Piesberg (DLFF-125 Natur- und Geopark TERRA.vita)\u201c <\/span>weiterlesen<\/a><\/p>\n","protected":false},"author":1,"featured_media":0,"comment_status":"open","ping_status":"open","sticky":false,"template":"","format":"standard","meta":{"footnotes":""},"categories":[20],"tags":[198,202,489],"class_list":["post-547","post","type-post","status-publish","format-standard","hentry","category-wff","tag-osnabruck","tag-piesberg","tag-wff"],"_links":{"self":[{"href":"https:\/\/www.adventureradio.de\/index.php?rest_route=\/wp\/v2\/posts\/547","targetHints":{"allow":["GET"]}}],"collection":[{"href":"https:\/\/www.adventureradio.de\/index.php?rest_route=\/wp\/v2\/posts"}],"about":[{"href":"https:\/\/www.adventureradio.de\/index.php?rest_route=\/wp\/v2\/types\/post"}],"author":[{"embeddable":true,"href":"https:\/\/www.adventureradio.de\/index.php?rest_route=\/wp\/v2\/users\/1"}],"replies":[{"embeddable":true,"href":"https:\/\/www.adventureradio.de\/index.php?rest_route=%2Fwp%2Fv2%2Fcomments&post=547"}],"version-history":[{"count":0,"href":"https:\/\/www.adventureradio.de\/index.php?rest_route=\/wp\/v2\/posts\/547\/revisions"}],"wp:attachment":[{"href":"https:\/\/www.adventureradio.de\/index.php?rest_route=%2Fwp%2Fv2%2Fmedia&parent=547"}],"wp:term":[{"taxonomy":"category","embeddable":true,"href":"https:\/\/www.adventureradio.de\/index.php?rest_route=%2Fwp%2Fv2%2Fcategories&post=547"},{"taxonomy":"post_tag","embeddable":true,"href":"https:\/\/www.adventureradio.de\/index.php?rest_route=%2Fwp%2Fv2%2Ftags&post=547"}],"curies":[{"name":"wp","href":"https:\/\/api.w.org\/{rel}","templated":true}]}}