{"id":5458,"date":"2014-09-07T23:56:56","date_gmt":"2014-09-07T22:56:56","guid":{"rendered":"http:\/\/www.adventureradio.de\/?p=5458"},"modified":"2014-09-19T16:16:31","modified_gmt":"2014-09-19T15:16:31","slug":"quelle-welle-und-die-raeuber-vom-mordkuhlenberg","status":"publish","type":"post","link":"https:\/\/www.adventureradio.de\/?p=5458","title":{"rendered":"Quelle Welle und die R\u00e4uber vom Mordkuhlenberg"},"content":{"rendered":"<figure id=\"attachment_5461\" aria-describedby=\"caption-attachment-5461\" style=\"width: 800px\" class=\"wp-caption aligncenter\"><a href=\"https:\/\/www.adventureradio.de\/wp-content\/uploads\/2014\/09\/20140907_da_ni_238_3.jpg\"><img loading=\"lazy\" decoding=\"async\" src=\"https:\/\/www.adventureradio.de\/wp-content\/uploads\/2014\/09\/20140907_da_ni_238_3.jpg\" alt=\"Blick vom Mordkuhlenberg auf den Signalberg\" width=\"800\" height=\"450\" class=\"size-full wp-image-5461\" srcset=\"https:\/\/www.adventureradio.de\/wp-content\/uploads\/2014\/09\/20140907_da_ni_238_3.jpg 800w, https:\/\/www.adventureradio.de\/wp-content\/uploads\/2014\/09\/20140907_da_ni_238_3-300x168.jpg 300w\" sizes=\"auto, (max-width: 767px) 89vw, (max-width: 1000px) 54vw, (max-width: 1071px) 543px, 580px\" \/><\/a><figcaption id=\"caption-attachment-5461\" class=\"wp-caption-text\">Blick vom Mordkuhlenberg auf den Signalberg<\/figcaption><\/figure>\n<p>Geplant war auf der R\u00fcckreise aus dem Oldenburger M\u00fcnsterland ein Stopp am Signalberg (DM\/NS-120). Der September UKW-Contest versprach schnelle 4 QSO f\u00fcr GMA und SOTA. Der Weg vom Schweizer Haus zur Bergkuppe ist gut ausgebaut, da auf dem Signalberg ein milit\u00e4rischer Sendemast steht. So konnte mich XYL Bettina, DC1BF, begleiten. Die Funkanlage bestand wieder aus der schnell aufzubauenden Delta Loop f\u00fcr 144 MHz. Das Funkgr\u00e4t wie gewohnt ein YAESU FT-817-ND mit einer nachgeschalteten Endstufe, sodass etwa 25w auf die Antenne geht.<\/p>\n<p><center><\/p>\n<table>\n<tr>\n<td valign=top>\n<figure id=\"attachment_5470\" aria-describedby=\"caption-attachment-5470\" style=\"width: 225px\" class=\"wp-caption aligncenter\"><a href=\"https:\/\/www.adventureradio.de\/wp-content\/uploads\/2014\/09\/20140907_dm_ns_120_2.jpg\"><img loading=\"lazy\" decoding=\"async\" src=\"https:\/\/www.adventureradio.de\/wp-content\/uploads\/2014\/09\/20140907_dm_ns_120_2-225x300.jpg\" alt=\"Bettina, DC1BF\" width=\"225\" height=\"300\" class=\"size-medium wp-image-5470\" srcset=\"https:\/\/www.adventureradio.de\/wp-content\/uploads\/2014\/09\/20140907_dm_ns_120_2-225x300.jpg 225w, https:\/\/www.adventureradio.de\/wp-content\/uploads\/2014\/09\/20140907_dm_ns_120_2.jpg 600w\" sizes=\"auto, (max-width: 225px) 100vw, 225px\" \/><\/a><figcaption id=\"caption-attachment-5470\" class=\"wp-caption-text\">Bettina, DC1BF<\/figcaption><\/figure><\/p>\n<\/td>\n<td valign=top>\n<figure id=\"attachment_5469\" aria-describedby=\"caption-attachment-5469\" style=\"width: 168px\" class=\"wp-caption aligncenter\"><a href=\"https:\/\/www.adventureradio.de\/wp-content\/uploads\/2014\/09\/20140907_dm_ns_120.jpg\"><img loading=\"lazy\" decoding=\"async\" src=\"https:\/\/www.adventureradio.de\/wp-content\/uploads\/2014\/09\/20140907_dm_ns_120-168x300.jpg\" alt=\"Ein Antennen-Suchbild\" width=\"168\" height=\"300\" class=\"size-medium wp-image-5469\" srcset=\"https:\/\/www.adventureradio.de\/wp-content\/uploads\/2014\/09\/20140907_dm_ns_120-168x300.jpg 168w, https:\/\/www.adventureradio.de\/wp-content\/uploads\/2014\/09\/20140907_dm_ns_120.jpg 450w\" sizes=\"auto, (max-width: 168px) 100vw, 168px\" \/><\/a><figcaption id=\"caption-attachment-5469\" class=\"wp-caption-text\">Ein Antennen-Suchbild<\/figcaption><\/figure><\/p>\n<\/td>\n<\/tr>\n<\/table>\n<p><\/center> <\/p>\n<p>Wie erwartet ging der Funkbetrieb aus der v\u00f6llig bewaldeten Aktivierungszone des Signalbergs z\u00e4h. Nur ein paar Conteststationen < 100 km fanden ihren Weg ins Logbuch. Da wir schon sicher 25 Jahre nicht mehr am eigentlich nahegelegenen Aussichtturm auf dem Mordkuhlenberg waren, beschlossen wir, dort noch einen Besuch abzustatten. Wenn des denn m\u00f6glich sei. Von der asphaltierten Stra\u00dfe, die \u00fcbrigens ein Teilst\u00fcck des Jakobswegs ist, zweigte aber ein gut befestigter Weg ab, kein Problem f\u00fcr den Rollstuhl.\n<center><\/p>\n<table>\n<tr>\n<td valign=top>\n<figure id=\"attachment_5471\" aria-describedby=\"caption-attachment-5471\" style=\"width: 300px\" class=\"wp-caption aligncenter\"><a href=\"https:\/\/www.adventureradio.de\/wp-content\/uploads\/2014\/09\/20140907_dm_ns_120_3.jpg\"><img loading=\"lazy\" decoding=\"async\" src=\"https:\/\/www.adventureradio.de\/wp-content\/uploads\/2014\/09\/20140907_dm_ns_120_3-300x172.jpg\" alt=\"Wegweiser am Wanderweg\" width=\"300\" height=\"172\" class=\"size-medium wp-image-5471\" srcset=\"https:\/\/www.adventureradio.de\/wp-content\/uploads\/2014\/09\/20140907_dm_ns_120_3-300x172.jpg 300w, https:\/\/www.adventureradio.de\/wp-content\/uploads\/2014\/09\/20140907_dm_ns_120_3.jpg 800w\" sizes=\"auto, (max-width: 300px) 100vw, 300px\" \/><\/a><figcaption id=\"caption-attachment-5471\" class=\"wp-caption-text\">Wegweiser am Wanderweg<\/figcaption><\/figure>\n<\/td>\n<td valign=top>\n<figure id=\"attachment_5459\" aria-describedby=\"caption-attachment-5459\" style=\"width: 300px\" class=\"wp-caption aligncenter\"><a href=\"https:\/\/www.adventureradio.de\/wp-content\/uploads\/2014\/09\/20140907_da_ni_238_1.jpg\"><img loading=\"lazy\" decoding=\"async\" src=\"https:\/\/www.adventureradio.de\/wp-content\/uploads\/2014\/09\/20140907_da_ni_238_1-300x168.jpg\" alt=\"Hier geht&#039;s zum Aussichtsturm und zu den R\u00e4ubern vom Mordkuhlenberg\" width=\"300\" height=\"168\" class=\"size-medium wp-image-5459\" srcset=\"https:\/\/www.adventureradio.de\/wp-content\/uploads\/2014\/09\/20140907_da_ni_238_1-300x168.jpg 300w, https:\/\/www.adventureradio.de\/wp-content\/uploads\/2014\/09\/20140907_da_ni_238_1.jpg 800w\" sizes=\"auto, (max-width: 300px) 100vw, 300px\" \/><\/a><figcaption id=\"caption-attachment-5459\" class=\"wp-caption-text\">Hier geht&#8217;s zum Aussichtsturm und zu den R\u00e4ubern vom Mordkuhlenberg<\/figcaption><\/figure>\n<\/td>\n<\/tr>\n<\/table>\n<p><\/center><br \/>\nAuf dem Weg zum Aussichtsturm wird der Wanderer in die Geschichte der R\u00e4uber vom Mordkuhlenberg eingewiesen. Die &#8222;Bande&#8220;, ihr Opfer und ihr J\u00e4ger werden vorgestellt:<\/p>\n<p><center><\/p>\n<table>\n<tr>\n<td valign=top>\n<figure id=\"attachment_5474\" aria-describedby=\"caption-attachment-5474\" style=\"width: 190px\" class=\"wp-caption aligncenter\"><a href=\"https:\/\/www.adventureradio.de\/wp-content\/uploads\/2014\/09\/raeuber1.jpg\"><img loading=\"lazy\" decoding=\"async\" src=\"https:\/\/www.adventureradio.de\/wp-content\/uploads\/2014\/09\/raeuber1-190x300.jpg\" alt=\"Der R\u00e4uberhauptmann\" width=\"190\" height=\"300\" class=\"size-medium wp-image-5474\" srcset=\"https:\/\/www.adventureradio.de\/wp-content\/uploads\/2014\/09\/raeuber1-190x300.jpg 190w, https:\/\/www.adventureradio.de\/wp-content\/uploads\/2014\/09\/raeuber1.jpg 509w\" sizes=\"auto, (max-width: 190px) 100vw, 190px\" \/><\/a><figcaption id=\"caption-attachment-5474\" class=\"wp-caption-text\">Der R\u00e4uberhauptmann<\/figcaption><\/figure>\n<\/td>\n<td valign=top>\n<figure id=\"attachment_5478\" aria-describedby=\"caption-attachment-5478\" style=\"width: 176px\" class=\"wp-caption aligncenter\"><a href=\"https:\/\/www.adventureradio.de\/wp-content\/uploads\/2014\/09\/raeuber5.jpg\"><img loading=\"lazy\" decoding=\"async\" src=\"https:\/\/www.adventureradio.de\/wp-content\/uploads\/2014\/09\/raeuber5-176x300.jpg\" alt=\"Das Opfer: Anna Maria Wieverich\" width=\"176\" height=\"300\" class=\"size-medium wp-image-5478\" srcset=\"https:\/\/www.adventureradio.de\/wp-content\/uploads\/2014\/09\/raeuber5-176x300.jpg 176w, https:\/\/www.adventureradio.de\/wp-content\/uploads\/2014\/09\/raeuber5.jpg 471w\" sizes=\"auto, (max-width: 176px) 100vw, 176px\" \/><\/a><figcaption id=\"caption-attachment-5478\" class=\"wp-caption-text\">Das Opfer: Anna Maria Wieverich<\/figcaption><\/figure>\n<\/td>\n<td valign=top>\n<figure id=\"attachment_5480\" aria-describedby=\"caption-attachment-5480\" style=\"width: 183px\" class=\"wp-caption aligncenter\"><a href=\"https:\/\/www.adventureradio.de\/wp-content\/uploads\/2014\/09\/raeuber7.jpg\"><img loading=\"lazy\" decoding=\"async\" src=\"https:\/\/www.adventureradio.de\/wp-content\/uploads\/2014\/09\/raeuber7-183x300.jpg\" alt=\"Der Feldh\u00fcter\" width=\"183\" height=\"300\" class=\"size-medium wp-image-5480\" srcset=\"https:\/\/www.adventureradio.de\/wp-content\/uploads\/2014\/09\/raeuber7-183x300.jpg 183w, https:\/\/www.adventureradio.de\/wp-content\/uploads\/2014\/09\/raeuber7.jpg 488w\" sizes=\"auto, (max-width: 183px) 100vw, 183px\" \/><\/a><figcaption id=\"caption-attachment-5480\" class=\"wp-caption-text\">Der Feldh\u00fcter<\/figcaption><\/figure>\n<\/td>\n<\/tr>\n<\/table>\n<p><\/center> <\/p>\n<p><center><\/p>\n<table>\n<tr>\n<td valign=top>\n<a href=\"https:\/\/www.adventureradio.de\/wp-content\/uploads\/2014\/09\/20140907_da_ni_238_5.jpg\"><img loading=\"lazy\" decoding=\"async\" src=\"https:\/\/www.adventureradio.de\/wp-content\/uploads\/2014\/09\/20140907_da_ni_238_5-168x300.jpg\" alt=\"20140907_da_ni_238_5\" width=\"168\" height=\"300\" class=\"aligncenter size-medium wp-image-5463\" srcset=\"https:\/\/www.adventureradio.de\/wp-content\/uploads\/2014\/09\/20140907_da_ni_238_5-168x300.jpg 168w, https:\/\/www.adventureradio.de\/wp-content\/uploads\/2014\/09\/20140907_da_ni_238_5.jpg 450w\" sizes=\"auto, (max-width: 168px) 100vw, 168px\" \/><\/a>\n<\/td>\n<td valign=top\nDie Sage wird letztendlich beim Aufstieg auf den Turm auf mehreren Tafeln erz\u00e4hlt. Tolle Sache! \nMan kann die Sage aber auch hier nachlesen:\n\n\n<ul>\n<li><a href=\"http:\/\/www.dammer-berge.de\/urlaubsregion\/raeuber-geschichten.html\" title=\"R\u00e4uber I\" target=\"_blank\">Dammer Berge<\/a><\/li>\n<li><a href=\"http:\/\/www.dammerschweiz.de\/sagen\/inhalte\/mordkuhlberg.html\" title=\"R\u00e4uber II\" target=\"_blank\">Dammer Schweiz<\/a><\/li>\n<\/ul>\n<\/td>\n<\/tr>\n<\/table>\n<p><\/center> <\/p>\n<p>Auf dem Turm erwartete mich ein erstklassiger Funkplatz. Tisch, B\u00e4nke &#8211; einzig das deutlich sp\u00fcrbare Schwanken des Turmes ist reichlich ungewohnt! <\/p>\n<p><figure id=\"attachment_5465\" aria-describedby=\"caption-attachment-5465\" style=\"width: 1200px\" class=\"wp-caption aligncenter\"><a href=\"https:\/\/www.adventureradio.de\/wp-content\/uploads\/2014\/09\/20140907_da_ni_238_7.jpg\"><img loading=\"lazy\" decoding=\"async\" src=\"https:\/\/www.adventureradio.de\/wp-content\/uploads\/2014\/09\/20140907_da_ni_238_7.jpg\" alt=\"Nach dem Aufbau der Station\" width=\"1200\" height=\"675\" class=\"size-full wp-image-5465\" srcset=\"https:\/\/www.adventureradio.de\/wp-content\/uploads\/2014\/09\/20140907_da_ni_238_7.jpg 1200w, https:\/\/www.adventureradio.de\/wp-content\/uploads\/2014\/09\/20140907_da_ni_238_7-300x168.jpg 300w, https:\/\/www.adventureradio.de\/wp-content\/uploads\/2014\/09\/20140907_da_ni_238_7-1024x576.jpg 1024w\" sizes=\"auto, (max-width: 767px) 89vw, (max-width: 1000px) 54vw, (max-width: 1071px) 543px, 580px\" \/><\/a><figcaption id=\"caption-attachment-5465\" class=\"wp-caption-text\">Nach dem Aufbau der Station<\/figcaption><\/figure><br \/>\nDer rote-wei\u00dfe Turm ist der milit\u00e4rische Funkturm auf DM\/NS-120, der Fernsehturm dahinter steht am Nordhang des Signalbergs.<\/p>\n<p>Leider war das Wetter sehr diesig, bei klarem Wetter muss die Aussicht grandios sein. Vom D\u00fcmmer bis zum Wiehengebirge reichte der leider getr\u00fcbte  Blick.<\/p>\n<p>Als ich dann das Funkger\u00e4t einschaltete, h\u00f6rte ich eine HB9 Station CQ rufen. Es ist zwar nicht selten, HB9 auf 2m hier zu h\u00f6ren, aber immer etwas Besonderes, die Station dann auch zu erreichen. Leider hat es nicht geklappt. Beim R\u00fcberdrehen dann DF0FA (Klubstation <a href=\"http:\/\/www.funkamateur.de\/\" title=\"Funkamateur\" target=\"_blank\">Funkamateur<\/a>): da wusste ich, dass die irgendwo an der polnischen Grenze stehen => 1. Anruf und im Log. DF0FA kam mit S9 bei mir an! 409km<\/p>\n<p>Weitergedreht: CQ CONTEST G0VHF\/p<\/p>\n<p>Erster Anruf &#8211; im Log! 477km<\/p>\n<p>PC5T from the Island of Texel: Zack &#8211; im Log. &#8222;nur&#8220; 234km<br \/>\nAber PC5T taufte dann mein Rufzeichen DL\u00d8QW in DL Null Quelle Welle \ud83d\ude09 Eine v\u00f6llig neue Sichtweise &#8230;<\/p>\n<p>Was f\u00fcr ein Unterschied, zuerst mitten im Wald und eine Stunde sp\u00e4ter mit freiem Schuss vom Aussichtsturm!<\/p>\n<p><center><\/p>\n<table>\n<tr>\n<td valign=top>\n<figure id=\"attachment_5497\" aria-describedby=\"caption-attachment-5497\" style=\"width: 150px\" class=\"wp-caption aligncenter\"><a href=\"https:\/\/www.adventureradio.de\/wp-content\/uploads\/2014\/09\/map1.jpg\"><img loading=\"lazy\" decoding=\"async\" src=\"https:\/\/www.adventureradio.de\/wp-content\/uploads\/2014\/09\/map1-150x150.jpg\" alt=\"Signalberg DM\/NS120\" width=\"150\" height=\"150\" class=\"size-thumbnail wp-image-5497\" \/><\/a><figcaption id=\"caption-attachment-5497\" class=\"wp-caption-text\">Signalberg DM\/NS120<\/figcaption><\/figure><\/p>\n<\/td>\n<td valign=top>\n<figure id=\"attachment_5495\" aria-describedby=\"caption-attachment-5495\" style=\"width: 300px\" class=\"wp-caption aligncenter\"><a href=\"https:\/\/www.adventureradio.de\/wp-content\/uploads\/2014\/09\/map21.jpg\"><img loading=\"lazy\" decoding=\"async\" src=\"https:\/\/www.adventureradio.de\/wp-content\/uploads\/2014\/09\/map21-300x147.jpg\" alt=\"Mordkuhlenberg DA\/NI-238\" width=\"300\" height=\"147\" class=\"size-medium wp-image-5495\" srcset=\"https:\/\/www.adventureradio.de\/wp-content\/uploads\/2014\/09\/map21-300x147.jpg 300w, https:\/\/www.adventureradio.de\/wp-content\/uploads\/2014\/09\/map21.jpg 695w\" sizes=\"auto, (max-width: 300px) 100vw, 300px\" \/><\/a><figcaption id=\"caption-attachment-5495\" class=\"wp-caption-text\">Mordkuhlenberg DA\/NI-238<\/figcaption><\/figure>\n<\/td>\n<\/tr>\n<\/table>\n<figure id=\"attachment_5466\" aria-describedby=\"caption-attachment-5466\" style=\"width: 800px\" class=\"wp-caption aligncenter\"><a href=\"https:\/\/www.adventureradio.de\/wp-content\/uploads\/2014\/09\/20140907_da_ni_238_8.jpg\"><img loading=\"lazy\" decoding=\"async\" src=\"https:\/\/www.adventureradio.de\/wp-content\/uploads\/2014\/09\/20140907_da_ni_238_8.jpg\" alt=\"DL\u00d8QW in JO42CN\" width=\"800\" height=\"450\" class=\"size-full wp-image-5466\" srcset=\"https:\/\/www.adventureradio.de\/wp-content\/uploads\/2014\/09\/20140907_da_ni_238_8.jpg 800w, https:\/\/www.adventureradio.de\/wp-content\/uploads\/2014\/09\/20140907_da_ni_238_8-300x168.jpg 300w\" sizes=\"auto, (max-width: 767px) 89vw, (max-width: 1000px) 54vw, (max-width: 1071px) 543px, 580px\" \/><\/a><figcaption id=\"caption-attachment-5466\" class=\"wp-caption-text\">DL\u00d8QW in JO42CN<\/figcaption><\/figure>\n","protected":false},"excerpt":{"rendered":"<p>Geplant war auf der R\u00fcckreise aus dem Oldenburger M\u00fcnsterland ein Stopp am Signalberg (DM\/NS-120). Der September UKW-Contest versprach schnelle 4 QSO f\u00fcr GMA und SOTA. Der Weg vom Schweizer Haus zur Bergkuppe ist gut ausgebaut, da auf dem Signalberg ein milit\u00e4rischer Sendemast steht. So konnte mich XYL Bettina, DC1BF, begleiten. Die Funkanlage bestand wieder aus &hellip; <\/p>\n<p class=\"link-more\"><a href=\"https:\/\/www.adventureradio.de\/?p=5458\" class=\"more-link\"><span class=\"screen-reader-text\">\u201eQuelle Welle und die R\u00e4uber vom Mordkuhlenberg\u201c <\/span>weiterlesen<\/a><\/p>\n","protected":false},"author":3,"featured_media":0,"comment_status":"open","ping_status":"open","sticky":false,"template":"","format":"standard","meta":{"footnotes":""},"categories":[8,393,392,394,13,20,21],"tags":[67,388,100,387,186,389],"class_list":["post-5458","post","type-post","status-publish","format-standard","hentry","category-contest","category-dammer-berge-regionen","category-regionen","category-dlff-wff","category-gma","category-wff","category-wwff","tag-dammer-berge","tag-dammer-schweiz","tag-dlff-051","tag-mordkuhlenberg","tag-naturpark-dummer","tag-signalberg"],"_links":{"self":[{"href":"https:\/\/www.adventureradio.de\/index.php?rest_route=\/wp\/v2\/posts\/5458","targetHints":{"allow":["GET"]}}],"collection":[{"href":"https:\/\/www.adventureradio.de\/index.php?rest_route=\/wp\/v2\/posts"}],"about":[{"href":"https:\/\/www.adventureradio.de\/index.php?rest_route=\/wp\/v2\/types\/post"}],"author":[{"embeddable":true,"href":"https:\/\/www.adventureradio.de\/index.php?rest_route=\/wp\/v2\/users\/3"}],"replies":[{"embeddable":true,"href":"https:\/\/www.adventureradio.de\/index.php?rest_route=%2Fwp%2Fv2%2Fcomments&post=5458"}],"version-history":[{"count":20,"href":"https:\/\/www.adventureradio.de\/index.php?rest_route=\/wp\/v2\/posts\/5458\/revisions"}],"predecessor-version":[{"id":5628,"href":"https:\/\/www.adventureradio.de\/index.php?rest_route=\/wp\/v2\/posts\/5458\/revisions\/5628"}],"wp:attachment":[{"href":"https:\/\/www.adventureradio.de\/index.php?rest_route=%2Fwp%2Fv2%2Fmedia&parent=5458"}],"wp:term":[{"taxonomy":"category","embeddable":true,"href":"https:\/\/www.adventureradio.de\/index.php?rest_route=%2Fwp%2Fv2%2Fcategories&post=5458"},{"taxonomy":"post_tag","embeddable":true,"href":"https:\/\/www.adventureradio.de\/index.php?rest_route=%2Fwp%2Fv2%2Ftags&post=5458"}],"curies":[{"name":"wp","href":"https:\/\/api.w.org\/{rel}","templated":true}]}}