{"id":4826,"date":"2014-02-11T22:21:37","date_gmt":"2014-02-11T21:21:37","guid":{"rendered":"http:\/\/www.adventureradio.de\/?p=4826"},"modified":"2014-09-18T14:15:07","modified_gmt":"2014-09-18T13:15:07","slug":"electronic-stuff-at-barver-wald-dmnw-204","status":"publish","type":"post","link":"https:\/\/www.adventureradio.de\/?p=4826","title":{"rendered":"Electronic Stuff at Balver Wald, DM\/NW-230"},"content":{"rendered":"<p>Summit Activation #421 \/ 09-Feb-2014<\/p>\n<figure id=\"attachment_4836\" aria-describedby=\"caption-attachment-4836\" style=\"width: 800px\" class=\"wp-caption aligncenter\"><a href=\"https:\/\/www.adventureradio.de\/wp-content\/uploads\/2014\/02\/20140209_09.jpg\"><img loading=\"lazy\" decoding=\"async\" class=\"size-full wp-image-4836\" alt=\"Operating from the picknick site: DL4MFM\/P\" src=\"https:\/\/www.adventureradio.de\/wp-content\/uploads\/2014\/02\/20140209_09.jpg\" width=\"800\" height=\"450\" srcset=\"https:\/\/www.adventureradio.de\/wp-content\/uploads\/2014\/02\/20140209_09.jpg 800w, https:\/\/www.adventureradio.de\/wp-content\/uploads\/2014\/02\/20140209_09-300x168.jpg 300w\" sizes=\"auto, (max-width: 767px) 89vw, (max-width: 1000px) 54vw, (max-width: 1071px) 543px, 580px\" \/><\/a><figcaption id=\"caption-attachment-4836\" class=\"wp-caption-text\">Operating from the picknick site: DL4MFM\/P<\/figcaption><\/figure>\n<table>\n<tbody>\n<tr>\n<td valign=\"top\"><a href=\"https:\/\/www.adventureradio.de\/wp-content\/uploads\/2010\/12\/dl.gif\"><img loading=\"lazy\" decoding=\"async\" class=\"alignleft size-full wp-image-1018\" alt=\"dl\" src=\"https:\/\/www.adventureradio.de\/wp-content\/uploads\/2010\/12\/dl.gif\" width=\"20\" height=\"11\" \/><\/a>Diese Aktivierung war eigentlich spontan geplant. Samstag Abend \u00fcberlegte ich mir im Hostel am Sorpesee im Sauerland, wegen der guten Wetteraussichten, eine Tour f\u00fcr Sonntag. \u00dcber<a title=\"qwj.de\" href=\"http:\/\/www.qwj.de\" target=\"_blank\"> qwj.de<\/a> fand ich in 17km Entfernung den &#8222;Balver Wald&#8220;. Erst 3x aktiviert? Aha &#8211; viel zu Wandern \ud83d\ude09 Aber vom Wanderparkplatz (<strong><span style=\"color: #ff0000;\">1<\/span><\/strong>) f\u00fchrt ja ein fast schnurgerader Wanderweg direkt auf den Gipfel. Also die Koordinaten vom Parkplatz und vom Gipfel ins GPS gespeichert, das sollte als Vorbereitung reichen.<\/td>\n<td valign=\"top\"><a href=\"https:\/\/www.adventureradio.de\/wp-content\/uploads\/2014\/02\/gb.gif\"><img loading=\"lazy\" decoding=\"async\" class=\"alignleft size-full wp-image-4816\" alt=\"\" src=\"https:\/\/www.adventureradio.de\/wp-content\/uploads\/2014\/02\/gb.gif\" width=\"20\" height=\"13\" \/><\/a>This activation was planned spontaneously. Saturday night I thought in the hostel about an activation on sunday because we had a good weather forecast. via <a title=\"qwj.de\" href=\"http:\/\/www.qwj.de\" target=\"_blank\">qwj.de<\/a> I found in 17km distance &#8222;Balver Wald&#8220; DM\/NW-230 with only 3 previous activations. At the parking site (<strong><span style=\"color: red;\">1<\/span><\/strong>) goes an almost perfectly straight trail to the peak. So I saved the coordinates of the parking site and from the top to the GPS, that should be enough to prepare.<\/td>\n<\/tr>\n<\/tbody>\n<\/table>\n<figure id=\"attachment_4843\" aria-describedby=\"caption-attachment-4843\" style=\"width: 800px\" class=\"wp-caption aligncenter\"><a href=\"https:\/\/www.adventureradio.de\/wp-content\/uploads\/2014\/02\/map1.jpg\"><img loading=\"lazy\" decoding=\"async\" class=\"size-full wp-image-4843\" alt=\"Open Street Map of the area\" src=\"https:\/\/www.adventureradio.de\/wp-content\/uploads\/2014\/02\/map1.jpg\" width=\"800\" height=\"487\" srcset=\"https:\/\/www.adventureradio.de\/wp-content\/uploads\/2014\/02\/map1.jpg 800w, https:\/\/www.adventureradio.de\/wp-content\/uploads\/2014\/02\/map1-300x182.jpg 300w\" sizes=\"auto, (max-width: 767px) 89vw, (max-width: 1000px) 54vw, (max-width: 1071px) 543px, 580px\" \/><\/a><figcaption id=\"caption-attachment-4843\" class=\"wp-caption-text\">Open Street Map of the area<\/figcaption><\/figure>\n<table>\n<tbody>\n<tr>\n<td valign=\"top\"><a href=\"https:\/\/www.adventureradio.de\/wp-content\/uploads\/2010\/12\/dl.gif\"><img loading=\"lazy\" decoding=\"async\" alt=\"dl\" src=\"https:\/\/www.adventureradio.de\/wp-content\/uploads\/2010\/12\/dl.gif\" width=\"20\" height=\"11\" \/><\/a> Ein Wegweiser am Parkplatz zeigte den Weg zum &#8222;Balver Wald&#8220;. Also los. Ein geschotterter Waldweg f\u00fchrt vorbei an Fischteichen in den den Wald. Die GPS-Richtung passt, 2,5km Luftlinie bis zur Bergkuppe. Pl\u00f6tzlich ging der Weg in Serpentinen den Berg hoch. Seltsam. Daran konnte ich mich gar nicht erinnern. GPS: 1,7km &#8230; Richtung passt. Nach einiger Zeit dann wieder der Kontrollblick zum GPS: Immernoch 1,7 Kilometer, aber nun mehr westlich. Es war zu steil um irgendwo querfeldein zu gehen, also musste ich erstmal wohl oder \u00fcbel auf dem Wanderweg mit der Markierung &#8222;G&#8220; bleiben. Nach dem Umrunden eines Berges blies der Wind so stark, dass ich meine Cap gegen eine M\u00fctze eingetauscht habe. Schon bald kam ich zu einem gro\u00dfen Wegekreuz. Entfernung bis zum Gipfel noch immer 1,5 km. Also das Smartphone herausgeholt und nachgesehen, wo ich \u00fcberhaupt bin (<strong><span style=\"color: #ff0000;\">2<\/span><\/strong>).<\/td>\n<td valign=\"top\"><a href=\"https:\/\/www.adventureradio.de\/wp-content\/uploads\/2014\/02\/gb.gif\"><img loading=\"lazy\" decoding=\"async\" alt=\"\" src=\"https:\/\/www.adventureradio.de\/wp-content\/uploads\/2014\/02\/gb.gif\" width=\"20\" height=\"13\" \/><\/a> A sign at the parking lot showed the way to the &#8222;Balver forest&#8220;. So go ahead. A gravel forest road leads past fish ponds in the forest. The GPS direction was okay, 2,5 km to walk up to the mountaintop. Suddenly the way up the mountain was in serpentine. Strange. I could not remember that. GPS: 1.7 km &#8230; direction okay. After some time another control view to the GPS: Still 1.7 km, but now more west. It was too steep to go somewhere across country, so I had willy-nilly to stay on the trail marked with &#8222;G&#8220;. After circling a mountain the wind was so strong that I swapped my cap. Soon I came to a large way junction. Distance to the summit 1.5 km. So I checked with the smartphone where I am at all (<strong><span style=\"color: #ff0000;\">2<\/span><\/strong>).<\/td>\n<\/tr>\n<\/tbody>\n<\/table>\n<figure id=\"attachment_4834\" aria-describedby=\"caption-attachment-4834\" style=\"width: 800px\" class=\"wp-caption aligncenter\"><a href=\"https:\/\/www.adventureradio.de\/wp-content\/uploads\/2014\/02\/20140209_07.jpg\"><img loading=\"lazy\" decoding=\"async\" class=\"size-full wp-image-4834\" alt=\"Am Wegekreuz (2)\" src=\"https:\/\/www.adventureradio.de\/wp-content\/uploads\/2014\/02\/20140209_07.jpg\" width=\"800\" height=\"450\" srcset=\"https:\/\/www.adventureradio.de\/wp-content\/uploads\/2014\/02\/20140209_07.jpg 800w, https:\/\/www.adventureradio.de\/wp-content\/uploads\/2014\/02\/20140209_07-300x168.jpg 300w\" sizes=\"auto, (max-width: 767px) 89vw, (max-width: 1000px) 54vw, (max-width: 1071px) 543px, 580px\" \/><\/a><figcaption id=\"caption-attachment-4834\" class=\"wp-caption-text\">Am Wegekreuz (2)<\/figcaption><\/figure>\n<table>\n<tbody>\n<tr>\n<td valign=\"top\"><a href=\"https:\/\/www.adventureradio.de\/wp-content\/uploads\/2010\/12\/dl.gif\"><img loading=\"lazy\" decoding=\"async\" alt=\"dl\" src=\"https:\/\/www.adventureradio.de\/wp-content\/uploads\/2010\/12\/dl.gif\" width=\"20\" height=\"11\" \/><\/a> Via WhatsApp habe ich Peter, DK2RMP, angesprochen, er soll mich mal eben lokalisieren und einen Tipp geben, wie ich weiter wandern kann. \u00dcber APRS konnte mich Peter finden und sogleich kamen, wiederum via WhatsApp, einige Landkarten hereingrauscht.<\/td>\n<td valign=\"top\"><a href=\"https:\/\/www.adventureradio.de\/wp-content\/uploads\/2014\/02\/gb.gif\"><img loading=\"lazy\" decoding=\"async\" alt=\"\" src=\"https:\/\/www.adventureradio.de\/wp-content\/uploads\/2014\/02\/gb.gif\" width=\"20\" height=\"13\" \/><\/a> Via WhatsApp I ask Peter, DK2RMP, he should locate me via APRS and give me a hint, which way I should take. Peter found me immediately and I received, again via WhatsApp, some hiking maps.<\/td>\n<\/tr>\n<\/tbody>\n<\/table>\n<figure id=\"attachment_4841\" aria-describedby=\"caption-attachment-4841\" style=\"width: 800px\" class=\"wp-caption aligncenter\"><a href=\"https:\/\/www.adventureradio.de\/wp-content\/uploads\/2014\/02\/20140209_16.jpg\"><img loading=\"lazy\" decoding=\"async\" class=\"size-full wp-image-4841\" alt=\"Bizarre Landschaft im Sauerland\" src=\"https:\/\/www.adventureradio.de\/wp-content\/uploads\/2014\/02\/20140209_16.jpg\" width=\"800\" height=\"450\" srcset=\"https:\/\/www.adventureradio.de\/wp-content\/uploads\/2014\/02\/20140209_16.jpg 800w, https:\/\/www.adventureradio.de\/wp-content\/uploads\/2014\/02\/20140209_16-300x168.jpg 300w\" sizes=\"auto, (max-width: 767px) 89vw, (max-width: 1000px) 54vw, (max-width: 1071px) 543px, 580px\" \/><\/a><figcaption id=\"caption-attachment-4841\" class=\"wp-caption-text\">Bizarre Landschaft im Sauerland<\/figcaption><\/figure>\n<table>\n<tbody>\n<tr>\n<td valign=\"top\"><a href=\"https:\/\/www.adventureradio.de\/wp-content\/uploads\/2010\/12\/dl.gif\"><img loading=\"lazy\" decoding=\"async\" alt=\"dl\" src=\"https:\/\/www.adventureradio.de\/wp-content\/uploads\/2010\/12\/dl.gif\" width=\"20\" height=\"11\" \/><\/a> Der kleine Pfad bei (<strong><span style=\"color: red;\">4<\/span><\/strong>) wird haupts\u00e4chlich von Mountainbikern benutzt, recht abenteuerlich und durch die Stollenreifen totale Matsche.<\/td>\n<td valign=\"top\"><a href=\"https:\/\/www.adventureradio.de\/wp-content\/uploads\/2014\/02\/gb.gif\"><img loading=\"lazy\" decoding=\"async\" alt=\"\" src=\"https:\/\/www.adventureradio.de\/wp-content\/uploads\/2014\/02\/gb.gif\" width=\"20\" height=\"13\" \/><\/a> The small path at (<strong><span style=\"color: red;\">4<\/span><\/strong>) is mainly used by mountain bikers, quite adventurous and because of the MTB tyres total muddy.<\/td>\n<\/tr>\n<\/tbody>\n<\/table>\n<figure id=\"attachment_4831\" aria-describedby=\"caption-attachment-4831\" style=\"width: 800px\" class=\"wp-caption aligncenter\"><a href=\"https:\/\/www.adventureradio.de\/wp-content\/uploads\/2014\/02\/20140209_04.jpg\"><img loading=\"lazy\" decoding=\"async\" class=\"size-full wp-image-4831\" alt=\"a christmastree in the deep forest at (4)\" src=\"https:\/\/www.adventureradio.de\/wp-content\/uploads\/2014\/02\/20140209_04.jpg\" width=\"800\" height=\"450\" srcset=\"https:\/\/www.adventureradio.de\/wp-content\/uploads\/2014\/02\/20140209_04.jpg 800w, https:\/\/www.adventureradio.de\/wp-content\/uploads\/2014\/02\/20140209_04-300x168.jpg 300w\" sizes=\"auto, (max-width: 767px) 89vw, (max-width: 1000px) 54vw, (max-width: 1071px) 543px, 580px\" \/><\/a><figcaption id=\"caption-attachment-4831\" class=\"wp-caption-text\">a christmastree in the deep forest at (4)<\/figcaption><\/figure>\n<table>\n<tbody>\n<tr>\n<td valign=\"top\"><a href=\"https:\/\/www.adventureradio.de\/wp-content\/uploads\/2010\/12\/dl.gif\"><img loading=\"lazy\" decoding=\"async\" alt=\"dl\" src=\"https:\/\/www.adventureradio.de\/wp-content\/uploads\/2010\/12\/dl.gif\" width=\"20\" height=\"11\" \/><\/a> Am n\u00e4chsten Wegekreuz bei (<strong><span style=\"color: red;\">5<\/span><\/strong>) gab es keinen Hinweis auf den Gipfel des &#8222;Balver Wald&#8220;. Peter schrieb, der meinen Weg \u00fcber APRS verfolgte: geradeaus weiter, das GPS best\u00e4tigte die Angabe mit noch 450m bis zum Ziel.<\/p>\n<p>Dieses Wochenende war qrp Wochenende. Der FT-817 war einfach mit einem LiPo best\u00fcckt, Antenne und Morsetaste &#8218;dran, los geht&#8217;s. 18 QSO sind so in das Log gekommen. Wegen des st\u00fcrmischen Windes habe ich das Stativ f\u00fcr die MP-1 mit einem Gummi-Gurt am PickNick-Tisch festgemacht, das hielt bombenfest. (<strong><span style=\"color: red;\">7<\/span><\/strong>)<\/td>\n<td valign=\"top\"><a href=\"https:\/\/www.adventureradio.de\/wp-content\/uploads\/2014\/02\/gb.gif\"><img loading=\"lazy\" decoding=\"async\" alt=\"\" src=\"https:\/\/www.adventureradio.de\/wp-content\/uploads\/2014\/02\/gb.gif\" width=\"20\" height=\"13\" \/><\/a> At the next junction at (<strong><span style=\"color: red;\">5<\/span><\/strong>) there was no evidence to the summit of &#8222;Balver Wald&#8220;. Peter wrote, pursued my way via APRS: straight ahead! And the GPS confirmed the statement with even 450m from the summit.<\/p>\n<p>This weekend was qrp weekend. The FT-817 was simply fitted with a LiPo, antenna und morse key. 18 QSO came into the log. Because of the stormy wind, I&#8217;ve made \u200b\u200bthe stand for the MP-1 with a rubber strap on picknick table that held rock solid. (<strong><span style=\"color: red;\">7<\/span><\/strong>)<\/td>\n<\/tr>\n<\/tbody>\n<\/table>\n<p>&nbsp;<br \/>\n<center><\/p>\n<table>\n<tbody>\n<tr>\n<td valign=\"top\">\n<p><figure id=\"attachment_4837\" aria-describedby=\"caption-attachment-4837\" style=\"width: 134px\" class=\"wp-caption aligncenter\"><a href=\"https:\/\/www.adventureradio.de\/wp-content\/uploads\/2014\/02\/20140209_10.jpg\"><img loading=\"lazy\" decoding=\"async\" class=\" wp-image-4837 \" alt=\"Weg-Kreuzung bei (5)\" src=\"https:\/\/www.adventureradio.de\/wp-content\/uploads\/2014\/02\/20140209_10-168x300.jpg\" width=\"134\" height=\"240\" \/><\/a><figcaption id=\"caption-attachment-4837\" class=\"wp-caption-text\">Weg-Kreuzung bei (5)<\/figcaption><\/figure><\/td>\n<td valign=\"top\">\n<p><figure id=\"attachment_4838\" aria-describedby=\"caption-attachment-4838\" style=\"width: 410px\" class=\"wp-caption aligncenter\"><a href=\"https:\/\/www.adventureradio.de\/wp-content\/uploads\/2014\/02\/20140209_11.jpg\"><img loading=\"lazy\" decoding=\"async\" class=\" wp-image-4838   \" alt=\"Aussicht vom Gipfel (7)\" src=\"https:\/\/www.adventureradio.de\/wp-content\/uploads\/2014\/02\/20140209_11.jpg\" width=\"410\" height=\"230\" srcset=\"https:\/\/www.adventureradio.de\/wp-content\/uploads\/2014\/02\/20140209_11.jpg 800w, https:\/\/www.adventureradio.de\/wp-content\/uploads\/2014\/02\/20140209_11-300x168.jpg 300w\" sizes=\"auto, (max-width: 410px) 100vw, 410px\" \/><\/a><figcaption id=\"caption-attachment-4838\" class=\"wp-caption-text\">Aussicht vom Gipfel (7)<\/figcaption><\/figure><\/td>\n<\/tr>\n<\/tbody>\n<\/table>\n<p><center><\/center><br \/>\n<figure id=\"attachment_4858\" aria-describedby=\"caption-attachment-4858\" style=\"width: 800px\" class=\"wp-caption aligncenter\"><a href=\"https:\/\/www.adventureradio.de\/wp-content\/uploads\/2014\/02\/20140209_qsl.jpg\"><img loading=\"lazy\" decoding=\"async\" class=\"size-full wp-image-4858\" alt=\"Einige eQSLs vom Wochenende\" src=\"https:\/\/www.adventureradio.de\/wp-content\/uploads\/2014\/02\/20140209_qsl.jpg\" width=\"800\" height=\"337\" srcset=\"https:\/\/www.adventureradio.de\/wp-content\/uploads\/2014\/02\/20140209_qsl.jpg 800w, https:\/\/www.adventureradio.de\/wp-content\/uploads\/2014\/02\/20140209_qsl-300x126.jpg 300w\" sizes=\"auto, (max-width: 767px) 89vw, (max-width: 1000px) 54vw, (max-width: 1071px) 543px, 580px\" \/><\/a><figcaption id=\"caption-attachment-4858\" class=\"wp-caption-text\">Einige eQSLs vom Wochenende<\/figcaption><\/figure><br \/>\n<figure id=\"attachment_4835\" aria-describedby=\"caption-attachment-4835\" style=\"width: 800px\" class=\"wp-caption aligncenter\"><a href=\"https:\/\/www.adventureradio.de\/wp-content\/uploads\/2014\/02\/20140209_08.jpg\"><img loading=\"lazy\" decoding=\"async\" src=\"https:\/\/www.adventureradio.de\/wp-content\/uploads\/2014\/02\/20140209_08.jpg\" alt=\"7\u00b0C and very stormy on the 546m high peak DM\/NW-230\" width=\"800\" height=\"450\" class=\"size-full wp-image-4835\" srcset=\"https:\/\/www.adventureradio.de\/wp-content\/uploads\/2014\/02\/20140209_08.jpg 800w, https:\/\/www.adventureradio.de\/wp-content\/uploads\/2014\/02\/20140209_08-300x168.jpg 300w\" sizes=\"auto, (max-width: 767px) 89vw, (max-width: 1000px) 54vw, (max-width: 1071px) 543px, 580px\" \/><\/a><figcaption id=\"caption-attachment-4835\" class=\"wp-caption-text\">7\u00b0C and very stormy on the 546m high peak DM\/NW-230<\/figcaption><\/figure><br \/>\n<figure id=\"attachment_4860\" aria-describedby=\"caption-attachment-4860\" style=\"width: 613px\" class=\"wp-caption aligncenter\"><a href=\"https:\/\/www.adventureradio.de\/wp-content\/uploads\/2014\/02\/20140209_rbn.jpg\"><img loading=\"lazy\" decoding=\"async\" class=\"size-full wp-image-4860\" alt=\"RBN Skimmers that have received my 5watt qrp signals\" src=\"https:\/\/www.adventureradio.de\/wp-content\/uploads\/2014\/02\/20140209_rbn.jpg\" width=\"613\" height=\"466\" srcset=\"https:\/\/www.adventureradio.de\/wp-content\/uploads\/2014\/02\/20140209_rbn.jpg 613w, https:\/\/www.adventureradio.de\/wp-content\/uploads\/2014\/02\/20140209_rbn-300x228.jpg 300w\" sizes=\"auto, (max-width: 613px) 100vw, 613px\" \/><\/a><figcaption id=\"caption-attachment-4860\" class=\"wp-caption-text\">RBN Skimmers that have received my 5watt qrp signals<\/figcaption><\/figure><\/p>\n<table>\n<tbody>\n<tr>\n<td valign=\"top\"><a href=\"https:\/\/www.adventureradio.de\/wp-content\/uploads\/2010\/12\/dl.gif\"><img loading=\"lazy\" decoding=\"async\" alt=\"dl\" src=\"https:\/\/www.adventureradio.de\/wp-content\/uploads\/2010\/12\/dl.gif\" width=\"20\" height=\"11\" \/><\/a> F\u00fcr den R\u00fcckweg habe ich dann die Sauerl\u00e4nder Waldroute gew\u00e4hlt (gr\u00fcnes W). Der Weg mag vielleicht etwas k\u00fcrzer sein (3km bis zum Wanderparkplatz) ist aber ungemein steil. So war ich doch froh, dass ich Wanderweg &#8222;G&#8220; nach oben hatte, auch wenn es weiter war.<\/td>\n<td valign=\"top\"><a href=\"https:\/\/www.adventureradio.de\/wp-content\/uploads\/2014\/02\/gb.gif\"><img loading=\"lazy\" decoding=\"async\" alt=\"\" src=\"https:\/\/www.adventureradio.de\/wp-content\/uploads\/2014\/02\/gb.gif\" width=\"20\" height=\"13\" \/><\/a> For the return path, I then choose the Sauerland Wald Route (green W). The way is perhaps a little shorter (3km to the trail parking lot) but is extremely steep. So I was glad that I used trail &#8222;G&#8220; upwards, even if it was longer.<\/td>\n<\/tr>\n<\/tbody>\n<\/table>\n<figure id=\"attachment_4840\" aria-describedby=\"caption-attachment-4840\" style=\"width: 800px\" class=\"wp-caption aligncenter\"><a href=\"https:\/\/www.adventureradio.de\/wp-content\/uploads\/2014\/02\/20140209_13.jpg\"><img loading=\"lazy\" decoding=\"async\" class=\"size-full wp-image-4840\" alt=\"Wegweiser nach Stephanopel\" src=\"https:\/\/www.adventureradio.de\/wp-content\/uploads\/2014\/02\/20140209_13.jpg\" width=\"800\" height=\"450\" srcset=\"https:\/\/www.adventureradio.de\/wp-content\/uploads\/2014\/02\/20140209_13.jpg 800w, https:\/\/www.adventureradio.de\/wp-content\/uploads\/2014\/02\/20140209_13-300x168.jpg 300w\" sizes=\"auto, (max-width: 767px) 89vw, (max-width: 1000px) 54vw, (max-width: 1071px) 543px, 580px\" \/><\/a><figcaption id=\"caption-attachment-4840\" class=\"wp-caption-text\">Wegweiser nach Stephanopel<\/figcaption><\/figure>\n<table>\n<tbody>\n<tr>\n<td valign=\"top\"><a href=\"https:\/\/www.adventureradio.de\/wp-content\/uploads\/2010\/12\/dl.gif\"><img loading=\"lazy\" decoding=\"async\" alt=\"dl\" src=\"https:\/\/www.adventureradio.de\/wp-content\/uploads\/2010\/12\/dl.gif\" width=\"20\" height=\"11\" \/><\/a> Vorsicht am Wegekreuz (<strong><span style=\"color: red;\">8<\/span><\/strong>). Hier stimmen die Richtungsangaben nicht und ich bin erstmal in eine falsche Richtung gegangen.<\/p>\n<p>F\u00fcr diesen Berg und f\u00fcr dieses Wanderung hat BM\/NW-230 4 von 5 Sternen von mir bekommen. Ich kann die Ref nur empfehlen und es ist mal eine Abwechslung zu den Bergen mit einem Kilometer Anmarsch.<\/p>\n<p>Vielen Dank an die Chaser mit &#8222;spitzen Ohren&#8220; und an meine &#8222;Leit- und Navigationsstation&#8220; DK2RMP im Kontrollzentum Brandenburg \ud83d\ude00<\/td>\n<td valign=\"top\"><a href=\"https:\/\/www.adventureradio.de\/wp-content\/uploads\/2014\/02\/gb.gif\"><img loading=\"lazy\" decoding=\"async\" alt=\"\" src=\"https:\/\/www.adventureradio.de\/wp-content\/uploads\/2014\/02\/gb.gif\" width=\"20\" height=\"13\" \/><\/a> Beware the crossing (<strong><span style=\"color: red;\">8<\/span><\/strong>). Here the direction information is not correct and I first went in the wrong direction.<\/p>\n<p>Many thanks to the Chaser with &#8222;pointy ears&#8220; and my &#8222;control and navigation station&#8220; DK2RMP in the\u00a0 control centre Brandenburg : D<\/td>\n<\/tr>\n<\/tbody>\n<\/table>\n<figure id=\"attachment_4842\" aria-describedby=\"caption-attachment-4842\" style=\"width: 800px\" class=\"wp-caption aligncenter\"><a href=\"https:\/\/www.adventureradio.de\/wp-content\/uploads\/2014\/02\/aprs.jpg\"><img loading=\"lazy\" decoding=\"async\" class=\"size-full wp-image-4842\" alt=\"APRS Tracking (on Open Strreet Map)\" src=\"https:\/\/www.adventureradio.de\/wp-content\/uploads\/2014\/02\/aprs.jpg\" width=\"800\" height=\"450\" srcset=\"https:\/\/www.adventureradio.de\/wp-content\/uploads\/2014\/02\/aprs.jpg 800w, https:\/\/www.adventureradio.de\/wp-content\/uploads\/2014\/02\/aprs-300x168.jpg 300w\" sizes=\"auto, (max-width: 767px) 89vw, (max-width: 1000px) 54vw, (max-width: 1071px) 543px, 580px\" \/><\/a><figcaption id=\"caption-attachment-4842\" class=\"wp-caption-text\">APRS Tracking (on Open Strreet Map)<\/figcaption><\/figure>\n","protected":false},"excerpt":{"rendered":"<p>Summit Activation #421 \/ 09-Feb-2014 Diese Aktivierung war eigentlich spontan geplant. Samstag Abend \u00fcberlegte ich mir im Hostel am Sorpesee im Sauerland, wegen der guten Wetteraussichten, eine Tour f\u00fcr Sonntag. \u00dcber qwj.de fand ich in 17km Entfernung den &#8222;Balver Wald&#8220;. Erst 3x aktiviert? Aha &#8211; viel zu Wandern \ud83d\ude09 Aber vom Wanderparkplatz (1) f\u00fchrt ja &hellip; <\/p>\n<p class=\"link-more\"><a href=\"https:\/\/www.adventureradio.de\/?p=4826\" class=\"more-link\"><span class=\"screen-reader-text\">\u201eElectronic Stuff at Balver Wald, DM\/NW-230\u201c <\/span>weiterlesen<\/a><\/p>\n","protected":false},"author":3,"featured_media":0,"comment_status":"open","ping_status":"open","sticky":false,"template":"","format":"standard","meta":{"footnotes":""},"categories":[394,13,215,224],"tags":[348,320,187,205,498,349],"class_list":["post-4826","post","type-post","status-publish","format-standard","hentry","category-dlff-wff","category-gma","category-sauerland","category-sota","tag-balver-wald","tag-dlff-073","tag-naturpark-homert","tag-qrp","tag-sauerland","tag-stephanopel"],"_links":{"self":[{"href":"https:\/\/www.adventureradio.de\/index.php?rest_route=\/wp\/v2\/posts\/4826","targetHints":{"allow":["GET"]}}],"collection":[{"href":"https:\/\/www.adventureradio.de\/index.php?rest_route=\/wp\/v2\/posts"}],"about":[{"href":"https:\/\/www.adventureradio.de\/index.php?rest_route=\/wp\/v2\/types\/post"}],"author":[{"embeddable":true,"href":"https:\/\/www.adventureradio.de\/index.php?rest_route=\/wp\/v2\/users\/3"}],"replies":[{"embeddable":true,"href":"https:\/\/www.adventureradio.de\/index.php?rest_route=%2Fwp%2Fv2%2Fcomments&post=4826"}],"version-history":[{"count":24,"href":"https:\/\/www.adventureradio.de\/index.php?rest_route=\/wp\/v2\/posts\/4826\/revisions"}],"predecessor-version":[{"id":5344,"href":"https:\/\/www.adventureradio.de\/index.php?rest_route=\/wp\/v2\/posts\/4826\/revisions\/5344"}],"wp:attachment":[{"href":"https:\/\/www.adventureradio.de\/index.php?rest_route=%2Fwp%2Fv2%2Fmedia&parent=4826"}],"wp:term":[{"taxonomy":"category","embeddable":true,"href":"https:\/\/www.adventureradio.de\/index.php?rest_route=%2Fwp%2Fv2%2Fcategories&post=4826"},{"taxonomy":"post_tag","embeddable":true,"href":"https:\/\/www.adventureradio.de\/index.php?rest_route=%2Fwp%2Fv2%2Ftags&post=4826"}],"curies":[{"name":"wp","href":"https:\/\/api.w.org\/{rel}","templated":true}]}}