{"id":4243,"date":"2013-07-23T18:57:14","date_gmt":"2013-07-23T17:57:14","guid":{"rendered":"http:\/\/www.adventureradio.de\/?p=4243"},"modified":"2014-09-18T15:04:13","modified_gmt":"2014-09-18T14:04:13","slug":"on-lx-f-saarland-sauerland","status":"publish","type":"post","link":"https:\/\/www.adventureradio.de\/?p=4243","title":{"rendered":"ON &#8211; LX &#8211; F &#8211; Saarland &#8211; Sauerland"},"content":{"rendered":"<figure id=\"attachment_4248\" aria-describedby=\"caption-attachment-4248\" style=\"width: 648px\" class=\"wp-caption aligncenter\"><a href=\"https:\/\/www.adventureradio.de\/wp-content\/uploads\/2013\/07\/saarschleife_2013.jpg\"><img loading=\"lazy\" decoding=\"async\" class=\" wp-image-4248  \" alt=\"Saarschleife\" src=\"https:\/\/www.adventureradio.de\/wp-content\/uploads\/2013\/07\/saarschleife_2013.jpg\" width=\"648\" height=\"365\" srcset=\"https:\/\/www.adventureradio.de\/wp-content\/uploads\/2013\/07\/saarschleife_2013.jpg 800w, https:\/\/www.adventureradio.de\/wp-content\/uploads\/2013\/07\/saarschleife_2013-300x168.jpg 300w\" sizes=\"auto, (max-width: 648px) 100vw, 648px\" \/><\/a><figcaption id=\"caption-attachment-4248\" class=\"wp-caption-text\">Saarschleife<\/figcaption><\/figure>\n<p>Das eigentliche Ziel meiner kleinen (Funk-) Reise sollte das Saarland sein und \u00fcber eine westliche Route k\u00f6nnen gleich noch Berge in Belgien, Luxemburg und Frankreich besucht werden. Premiere auch die ersten Aktivit\u00e4ten mit meinem neuen\/alten Rufzeichen DL4MFM. Das hatte ich vor 4 Jahren gegen ein anderes getauscht, weil eine Piratenstation \u00fcber Monate ebenfalls DL4MFM benutzte.<\/p>\n<p>Der erste Anlaufpunkt sollte also der h\u00f6chste Punkt in Belgien sein:<\/p>\n<h3>1. Signal de Botrange ON\/ON-001, 694m, JO30BM, 16-Jul-2013<\/h3>\n<figure id=\"attachment_4244\" aria-describedby=\"caption-attachment-4244\" style=\"width: 648px\" class=\"wp-caption aligncenter\"><a href=\"https:\/\/www.adventureradio.de\/wp-content\/uploads\/2013\/07\/20130716ON01.jpg\"><img loading=\"lazy\" decoding=\"async\" class=\" wp-image-4244  \" alt=\"Signal de Botrange ON\/ON-001\" src=\"https:\/\/www.adventureradio.de\/wp-content\/uploads\/2013\/07\/20130716ON01.jpg\" width=\"648\" height=\"365\" srcset=\"https:\/\/www.adventureradio.de\/wp-content\/uploads\/2013\/07\/20130716ON01.jpg 800w, https:\/\/www.adventureradio.de\/wp-content\/uploads\/2013\/07\/20130716ON01-300x168.jpg 300w\" sizes=\"auto, (max-width: 648px) 100vw, 648px\" \/><\/a><figcaption id=\"caption-attachment-4244\" class=\"wp-caption-text\">Signal de Botrange ON\/ON-001<\/figcaption><\/figure>\n<p>Der &#8222;Signal de Botrange&#8220; ist ein sogenannter &#8222;Drive On&#8220;. Eine vielbefahrene Stra\u00dfe f\u00fchrt direkt \u00fcber die Bergkuppe, ein riesiger, staubiger Parkplatz liegt in der Aktivierungszone. Die vielen Motorradfahrer, die bei dem sommerlichen Wetter unterwegs sind, machen einen L\u00e4rm, dass ich selbst mit Kopfh\u00f6rer keine Ruhe habe. Ein paar Jugendliche versuchen auf dem Parkplatz herauszufinden, wer die gr\u00f6\u00dfte Staubfahne hinter seinem Auto herziehen kann. Nach 50 QSO (ONFF-001 f\u00fcr das GMA Triathlon) mache ich qrt. Reicht. Hier muss ich echt nicht wieder hin.<br \/>\n<center><\/p>\n<table>\n<tbody>\n<tr>\n<td valign=\"top\">\n<p><figure id=\"attachment_4247\" aria-describedby=\"caption-attachment-4247\" style=\"width: 150px\" class=\"wp-caption aligncenter\"><a href=\"https:\/\/www.adventureradio.de\/wp-content\/uploads\/2013\/07\/20130716ON04.jpg\"><img loading=\"lazy\" decoding=\"async\" class=\"size-thumbnail wp-image-4247\" alt=\"Funkturm und Baude\" src=\"https:\/\/www.adventureradio.de\/wp-content\/uploads\/2013\/07\/20130716ON04-150x150.jpg\" width=\"150\" height=\"150\" \/><\/a><figcaption id=\"caption-attachment-4247\" class=\"wp-caption-text\">Funkturm und Baude<\/figcaption><\/figure><\/td>\n<td valign=\"top\">\n<p><figure id=\"attachment_4246\" aria-describedby=\"caption-attachment-4246\" style=\"width: 150px\" class=\"wp-caption aligncenter\"><a href=\"https:\/\/www.adventureradio.de\/wp-content\/uploads\/2013\/07\/20130716ON03.jpg\"><img loading=\"lazy\" decoding=\"async\" class=\"size-thumbnail wp-image-4246\" alt=\"Die Aktivierungszone\" src=\"https:\/\/www.adventureradio.de\/wp-content\/uploads\/2013\/07\/20130716ON03-150x150.jpg\" width=\"150\" height=\"150\" \/><\/a><figcaption id=\"caption-attachment-4246\" class=\"wp-caption-text\">Die Aktivierungszone<\/figcaption><\/figure><\/td>\n<td valign=\"top\">\n<p><figure id=\"attachment_4245\" aria-describedby=\"caption-attachment-4245\" style=\"width: 150px\" class=\"wp-caption aligncenter\"><a href=\"https:\/\/www.adventureradio.de\/wp-content\/uploads\/2013\/07\/20130716ON02.jpg\"><img loading=\"lazy\" decoding=\"async\" class=\"size-thumbnail wp-image-4245\" alt=\"Das Naturschutzgebiet (100m vom Parkplatz).\" src=\"https:\/\/www.adventureradio.de\/wp-content\/uploads\/2013\/07\/20130716ON02-150x150.jpg\" width=\"150\" height=\"150\" \/><\/a><figcaption id=\"caption-attachment-4245\" class=\"wp-caption-text\">Das Naturschutzgebiet (100m vom Parkplatz).<\/figcaption><\/figure><\/td>\n<\/tr>\n<\/tbody>\n<\/table>\n<p><\/center><br \/>\n<figure id=\"attachment_4254\" aria-describedby=\"caption-attachment-4254\" style=\"width: 648px\" class=\"wp-caption aligncenter\"><a href=\"https:\/\/www.adventureradio.de\/wp-content\/uploads\/2013\/07\/rursee_jh.jpg\"><img loading=\"lazy\" decoding=\"async\" class=\" wp-image-4254  \" alt=\"Adventure Academy JH Rurberg\" src=\"https:\/\/www.adventureradio.de\/wp-content\/uploads\/2013\/07\/rursee_jh.jpg\" width=\"648\" height=\"365\" srcset=\"https:\/\/www.adventureradio.de\/wp-content\/uploads\/2013\/07\/rursee_jh.jpg 800w, https:\/\/www.adventureradio.de\/wp-content\/uploads\/2013\/07\/rursee_jh-300x168.jpg 300w\" sizes=\"auto, (max-width: 648px) 100vw, 648px\" \/><\/a><figcaption id=\"caption-attachment-4254\" class=\"wp-caption-text\">Adventure Academy JH Rurberg<\/figcaption><\/figure><\/p>\n<p>Nach der \u00dcbernachtung in der &#8222;<a title=\"JH Rurberg\" href=\"http:\/\/www.jugendherberge.de\/Jugendherbergen\/Simmerath-Rurberg464\/Portraet\" target=\"_blank\">Adventure Academy<\/a>&#8220; (wie passend) geht es dann am n\u00e4chsten Tag weiter Richtung Luxemburg.<\/p>\n<h3>2. Kiirchb\u00ebsch LX\/LX-003, 416m, JN39CV, 17-Jul-2013<\/h3>\n<figure id=\"attachment_4260\" aria-describedby=\"caption-attachment-4260\" style=\"width: 677px\" class=\"wp-caption aligncenter\"><a href=\"https:\/\/www.adventureradio.de\/wp-content\/uploads\/2013\/07\/LX-003-track.jpg\"><img loading=\"lazy\" decoding=\"async\" class=\"size-full wp-image-4260\" alt=\"Track zu LX\/LX-003\" src=\"https:\/\/www.adventureradio.de\/wp-content\/uploads\/2013\/07\/LX-003-track.jpg\" width=\"677\" height=\"368\" srcset=\"https:\/\/www.adventureradio.de\/wp-content\/uploads\/2013\/07\/LX-003-track.jpg 677w, https:\/\/www.adventureradio.de\/wp-content\/uploads\/2013\/07\/LX-003-track-300x163.jpg 300w\" sizes=\"auto, (max-width: 677px) 100vw, 677px\" \/><\/a><figcaption id=\"caption-attachment-4260\" class=\"wp-caption-text\">Track zu LX\/LX-003<\/figcaption><\/figure>\n<p>In LX wollte ich den 416m hohen Kiirchb\u00ebsch aktivieren. Die Stra\u00dfe, die ich eigentlich fahren wollte, war f\u00fcr Autos und Motorr\u00e4der gesperrt. Aber an der N10 fanden sich einige Parkpl\u00e4tze. Problem war nur, dass es keine Wanderwege gab. Also nach GPS quer durch den Wald und \u00fcber ein paar Wiesen bis zum <a title=\"Maps\" href=\"https:\/\/maps.google.de\/maps?q=49.895132,6.220787&amp;num=1&amp;t=m&amp;z=15\" target=\"_blank\">vorgesehenen Punkt<\/a>. Aber hier h\u00e4tte man sowieso nicht Parken k\u00f6nnen, alles viel zu eng. Also, war es so gut, wie es ist.<\/p>\n<p>Von hier aus folgt man dann einfach dem Wanderwegezeichen &#8222;Gr\u00fcnes Dreieck&#8220; bis zur Bergkuppe f\u00fcr insgesamt 214 erwanderte H\u00f6henmeter.\u00a0 Die Bergkuppe liegt im Wald und von hier habe ich Betrieb gemacht, etwas unterhalb befindet sich eine gro\u00dfe freie\u00a0 Fl\u00e4che, evtl. ist die noch in der Aktivierungszone. Das habe ich aber nicht nachgemessen.<br \/>\n<center><\/p>\n<table>\n<tbody>\n<tr>\n<td valign=\"top\">\n<p><figure id=\"attachment_4259\" aria-describedby=\"caption-attachment-4259\" style=\"width: 150px\" class=\"wp-caption aligncenter\"><a href=\"https:\/\/www.adventureradio.de\/wp-content\/uploads\/2013\/07\/LX_2013071703.jpg\"><img loading=\"lazy\" decoding=\"async\" class=\"size-thumbnail wp-image-4259\" alt=\"Immer dem gr\u00fcnen Dreieck folgen\" src=\"https:\/\/www.adventureradio.de\/wp-content\/uploads\/2013\/07\/LX_2013071703-150x150.jpg\" width=\"150\" height=\"150\" \/><\/a><figcaption id=\"caption-attachment-4259\" class=\"wp-caption-text\">Immer dem gr\u00fcnen Dreieck folgen<\/figcaption><\/figure><\/td>\n<td valign=\"top\">\n<p><figure id=\"attachment_4258\" aria-describedby=\"caption-attachment-4258\" style=\"width: 150px\" class=\"wp-caption aligncenter\"><a href=\"https:\/\/www.adventureradio.de\/wp-content\/uploads\/2013\/07\/LX_2013071702.jpg\"><img loading=\"lazy\" decoding=\"async\" class=\"size-thumbnail wp-image-4258\" alt=\"Wanderweg zur Bergkuppe\" src=\"https:\/\/www.adventureradio.de\/wp-content\/uploads\/2013\/07\/LX_2013071702-150x150.jpg\" width=\"150\" height=\"150\" \/><\/a><figcaption id=\"caption-attachment-4258\" class=\"wp-caption-text\">Wanderweg zur Bergkuppe<\/figcaption><\/figure><\/td>\n<td valign=\"top\">\n<p><figure id=\"attachment_4257\" aria-describedby=\"caption-attachment-4257\" style=\"width: 150px\" class=\"wp-caption aligncenter\"><a href=\"https:\/\/www.adventureradio.de\/wp-content\/uploads\/2013\/07\/LX_2013071701.jpg\"><img loading=\"lazy\" decoding=\"async\" class=\"size-thumbnail wp-image-4257\" alt=\"Funkbetrieb\" src=\"https:\/\/www.adventureradio.de\/wp-content\/uploads\/2013\/07\/LX_2013071701-150x150.jpg\" width=\"150\" height=\"150\" \/><\/a><figcaption id=\"caption-attachment-4257\" class=\"wp-caption-text\">Funkbetrieb<\/figcaption><\/figure><\/td>\n<\/tr>\n<\/tbody>\n<\/table>\n<p><\/center><\/p>\n<h3>3. Le Mottenberg F\/VO-055, 412m, JN39HD, 18-Jul-2013<\/h3>\n<p>Nach dem Besuch der Saarschleife ging es dann am n\u00e4chsten Tag kurz hinter die franz\u00f6sische Grenze zum 412m hohen Le Mottenberg F\/VO-055. Dieser Berg ist ein fast &#8222;Drive-On&#8220; mit einer Fu\u00dfwegestrecke von vielleicht 300m. Manko: Es f\u00fchren direkt \u00fcber den Mottenberg zwei Hochspannungsleitungen und ein Mobilfunkmast mit zus\u00e4tzlichen Parabolantennen steht auch fast auf der Kuppe. Das Knistern der Leitungen war deutlich zu vernehmen und nach dem Einschalten des Funkger\u00e4tes lag der St\u00f6rpegel bei S9. Nur Telegrafie mit dem schmalbandigen 300Hz Filter brachte Abhilfe. Ich denke, SSB ist von hier so gut wie nicht m\u00f6glich.<\/p>\n<p><figure id=\"attachment_4266\" aria-describedby=\"caption-attachment-4266\" style=\"width: 648px\" class=\"wp-caption aligncenter\"><a href=\"https:\/\/www.adventureradio.de\/wp-content\/uploads\/2013\/07\/F_2013071804.jpg\"><img loading=\"lazy\" decoding=\"async\" class=\" wp-image-4266  \" alt=\"Funkbetrieb von F\/VO-055\" src=\"https:\/\/www.adventureradio.de\/wp-content\/uploads\/2013\/07\/F_2013071804.jpg\" width=\"648\" height=\"365\" srcset=\"https:\/\/www.adventureradio.de\/wp-content\/uploads\/2013\/07\/F_2013071804.jpg 800w, https:\/\/www.adventureradio.de\/wp-content\/uploads\/2013\/07\/F_2013071804-300x168.jpg 300w\" sizes=\"auto, (max-width: 648px) 100vw, 648px\" \/><\/a><figcaption id=\"caption-attachment-4266\" class=\"wp-caption-text\">Funkbetrieb von F\/VO-055<\/figcaption><\/figure><br \/>\n<center><\/p>\n<table>\n<tbody>\n<tr>\n<td valign=\"top\">\n<p><figure id=\"attachment_4265\" aria-describedby=\"caption-attachment-4265\" style=\"width: 150px\" class=\"wp-caption aligncenter\"><a href=\"https:\/\/www.adventureradio.de\/wp-content\/uploads\/2013\/07\/F_2013071803.jpg\"><img loading=\"lazy\" decoding=\"async\" class=\"size-thumbnail wp-image-4265\" alt=\"Hier knistert ..\" src=\"https:\/\/www.adventureradio.de\/wp-content\/uploads\/2013\/07\/F_2013071803-150x150.jpg\" width=\"150\" height=\"150\" \/><\/a><figcaption id=\"caption-attachment-4265\" class=\"wp-caption-text\">Hier knistert ..<\/figcaption><\/figure><\/td>\n<td valign=\"top\">\n<p><figure id=\"attachment_4264\" aria-describedby=\"caption-attachment-4264\" style=\"width: 150px\" class=\"wp-caption aligncenter\"><a href=\"https:\/\/www.adventureradio.de\/wp-content\/uploads\/2013\/07\/F_2013071802.jpg\"><img loading=\"lazy\" decoding=\"async\" class=\"size-thumbnail wp-image-4264\" alt=\"... und prasselt es ...\" src=\"https:\/\/www.adventureradio.de\/wp-content\/uploads\/2013\/07\/F_2013071802-150x150.jpg\" width=\"150\" height=\"150\" \/><\/a><figcaption id=\"caption-attachment-4264\" class=\"wp-caption-text\">&#8230; und prasselt es &#8230;<\/figcaption><\/figure><\/td>\n<td valign=\"top\">\n<p><figure id=\"attachment_4263\" aria-describedby=\"caption-attachment-4263\" style=\"width: 150px\" class=\"wp-caption aligncenter\"><a href=\"https:\/\/www.adventureradio.de\/wp-content\/uploads\/2013\/07\/F_2013071801.jpg\"><img loading=\"lazy\" decoding=\"async\" class=\"size-thumbnail wp-image-4263\" alt=\"... im Empf\u00e4nger\" src=\"https:\/\/www.adventureradio.de\/wp-content\/uploads\/2013\/07\/F_2013071801-150x150.jpg\" width=\"150\" height=\"150\" \/><\/a><figcaption id=\"caption-attachment-4263\" class=\"wp-caption-text\">&#8230; im Empf\u00e4nger<\/figcaption><\/figure><\/td>\n<\/tr>\n<\/tbody>\n<\/table>\n<p><\/center><\/p>\n<h3>4. Hartgartener H\u00f6he DM\/SR-077, 417m, JN39IK, 18-Jul-2013<\/h3>\n<p>Ich habe noch bis 11.00 Uhr Ortszeit gewartet, weil dann mein Funkfreund Manfred, DK7ZH, von einem Berg qrv werden wollte. Leider habe ich nur Stationen geh\u00f6rt, die mit ihm Kontakt hatten, ihn selbst nicht. Also die Sachen gepackt und weiter ging es Richtung Hargartener H\u00f6he DM\/SR-077. Vom <a title=\"Parkplatz DM\/SR-077\" href=\"https:\/\/maps.google.de\/maps?q=49.439494,6.712533&amp;ll=49.442278,6.716144&amp;spn=0.013017,0.033023&amp;num=1&amp;t=h&amp;z=16\" target=\"_blank\">Parkplatz an der L346<\/a> f\u00fchrt ein Weg im gro\u00dfen Bogen Richtung Bergkuppe die etwa 1,8km mit nur 39m Anstieg entfernt ist.<\/p>\n<p><figure id=\"attachment_4272\" aria-describedby=\"caption-attachment-4272\" style=\"width: 669px\" class=\"wp-caption aligncenter\"><a href=\"https:\/\/www.adventureradio.de\/wp-content\/uploads\/2013\/07\/SR077_20130704.jpg\"><img loading=\"lazy\" decoding=\"async\" class=\"size-full wp-image-4272\" alt=\"OSM Tracking\" src=\"https:\/\/www.adventureradio.de\/wp-content\/uploads\/2013\/07\/SR077_20130704.jpg\" width=\"669\" height=\"360\" srcset=\"https:\/\/www.adventureradio.de\/wp-content\/uploads\/2013\/07\/SR077_20130704.jpg 669w, https:\/\/www.adventureradio.de\/wp-content\/uploads\/2013\/07\/SR077_20130704-300x161.jpg 300w\" sizes=\"auto, (max-width: 669px) 100vw, 669px\" \/><\/a><figcaption id=\"caption-attachment-4272\" class=\"wp-caption-text\">OSM Tracking<\/figcaption><\/figure><br \/>\n<center><\/p>\n<table>\n<tbody>\n<tr>\n<td valign=\"top\">\n<p><figure id=\"attachment_4269\" aria-describedby=\"caption-attachment-4269\" style=\"width: 150px\" class=\"wp-caption aligncenter\"><a href=\"https:\/\/www.adventureradio.de\/wp-content\/uploads\/2013\/07\/SR077_20130701.jpg\"><img loading=\"lazy\" decoding=\"async\" class=\"size-thumbnail wp-image-4269\" alt=\"Einfach dem Wanderzeichem &quot;M&quot; folgen\" src=\"https:\/\/www.adventureradio.de\/wp-content\/uploads\/2013\/07\/SR077_20130701-150x150.jpg\" width=\"150\" height=\"150\" \/><\/a><figcaption id=\"caption-attachment-4269\" class=\"wp-caption-text\">Einfach dem Wanderzeichem &#8222;M&#8220; folgen<\/figcaption><\/figure><\/td>\n<td valign=\"top\">\n<p><figure id=\"attachment_4270\" aria-describedby=\"caption-attachment-4270\" style=\"width: 150px\" class=\"wp-caption aligncenter\"><a href=\"https:\/\/www.adventureradio.de\/wp-content\/uploads\/2013\/07\/SR077_20130702.jpg\"><img loading=\"lazy\" decoding=\"async\" class=\"size-thumbnail wp-image-4270\" alt=\"Auch bei 30\u00b0C im Schatten ist es ein langweiliger Weg\" src=\"https:\/\/www.adventureradio.de\/wp-content\/uploads\/2013\/07\/SR077_20130702-150x150.jpg\" width=\"150\" height=\"150\" \/><\/a><figcaption id=\"caption-attachment-4270\" class=\"wp-caption-text\">Auch bei 30\u00b0C im Schatten ist es ein langweiliger Weg<\/figcaption><\/figure><\/td>\n<td valign=\"top\">\n<p><figure id=\"attachment_4271\" aria-describedby=\"caption-attachment-4271\" style=\"width: 150px\" class=\"wp-caption aligncenter\"><a href=\"https:\/\/www.adventureradio.de\/wp-content\/uploads\/2013\/07\/SR077_20130703.jpg\"><img loading=\"lazy\" decoding=\"async\" class=\"size-thumbnail wp-image-4271\" alt=\"immer geradeaus\" src=\"https:\/\/www.adventureradio.de\/wp-content\/uploads\/2013\/07\/SR077_20130703-150x150.jpg\" width=\"150\" height=\"150\" \/><\/a><figcaption id=\"caption-attachment-4271\" class=\"wp-caption-text\">immer geradeaus<\/figcaption><\/figure><\/td>\n<\/tr>\n<\/tbody>\n<\/table>\n<p><\/center><\/p>\n<h3>5. Langensteinchen DM\/SR-075, 451m, JN39GM, 18-Jul-2013<\/h3>\n<p>Der letzte Berg heute sollte das Langensteinchen DM\/SR-075 werden. Auch hier liegt g\u00fcnstig ein <a title=\"Parkplatz SR-075\" href=\"https:\/\/maps.google.de\/maps?q=N+49.51576,+E+6.56265&amp;hl=de&amp;sll=49.442278,6.716144&amp;sspn=0.013017,0.033023&amp;t=h&amp;z=17\" target=\"_blank\">Parkplatz an der L176<\/a>. Vorbei an uralten Grenzsteinen geht es erstmal einen asphaltierten Forstweg entlang, nach einer Gabelung wird daraus aber ein normaler Waldweg f\u00fcr die letzten 1,2 km. Die Kuppe liegt im Wald, ein letztes St\u00fcck wird per GPS navigiert.<\/p>\n<figure id=\"attachment_4275\" aria-describedby=\"caption-attachment-4275\" style=\"width: 800px\" class=\"wp-caption aligncenter\"><a href=\"https:\/\/www.adventureradio.de\/wp-content\/uploads\/2013\/07\/SR075_20130701.jpg\"><img loading=\"lazy\" decoding=\"async\" class=\"size-full wp-image-4275\" alt=\"Funkbetrieb vom Langensteinchen DM\/SR-075\" src=\"https:\/\/www.adventureradio.de\/wp-content\/uploads\/2013\/07\/SR075_20130701.jpg\" width=\"800\" height=\"450\" srcset=\"https:\/\/www.adventureradio.de\/wp-content\/uploads\/2013\/07\/SR075_20130701.jpg 800w, https:\/\/www.adventureradio.de\/wp-content\/uploads\/2013\/07\/SR075_20130701-300x168.jpg 300w\" sizes=\"auto, (max-width: 767px) 89vw, (max-width: 1000px) 54vw, (max-width: 1071px) 543px, 580px\" \/><\/a><figcaption id=\"caption-attachment-4275\" class=\"wp-caption-text\">Funkbetrieb vom Langensteinchen DM\/SR-075<\/figcaption><\/figure>\n<p>Auf dem R\u00fcckweg lag eine <a title=\"QTH Wanderh\u00fctte\" href=\"https:\/\/maps.google.de\/maps?q=N+49.52996,+E+6.5683&amp;hl=de&amp;sll=49.51576,6.56265&amp;sspn=0.006499,0.016512&amp;t=h&amp;z=15\" target=\"_blank\">Wanderh\u00fctte<\/a> mit H\u00f6henangabe (451m). Das wird sicher nicht stimmen, aber die H\u00fctte ist ganz sicher noch in der Aktivierungszone. Von hier kann man dann auch Betrieb machen, jedoch stehen hier viele hohe B\u00e4ume. Insgesamt ist die Wanderung 4,3km lang bei 101 H\u00f6henmetern.<br \/>\n<center><\/p>\n<table>\n<tbody>\n<tr>\n<td valign=\"top\">\n<p><figure id=\"attachment_4276\" aria-describedby=\"caption-attachment-4276\" style=\"width: 150px\" class=\"wp-caption aligncenter\"><a href=\"https:\/\/www.adventureradio.de\/wp-content\/uploads\/2013\/07\/SR075_20130702.jpg\"><img loading=\"lazy\" decoding=\"async\" class=\"size-thumbnail wp-image-4276\" alt=\"Wegweiser im Wald\" src=\"https:\/\/www.adventureradio.de\/wp-content\/uploads\/2013\/07\/SR075_20130702-150x150.jpg\" width=\"150\" height=\"150\" \/><\/a><figcaption id=\"caption-attachment-4276\" class=\"wp-caption-text\">Wegweiser im Wald<\/figcaption><\/figure><\/td>\n<td valign=\"top\">\n<p><figure id=\"attachment_4278\" aria-describedby=\"caption-attachment-4278\" style=\"width: 150px\" class=\"wp-caption aligncenter\"><a href=\"https:\/\/www.adventureradio.de\/wp-content\/uploads\/2013\/07\/SR075_20130704.jpg\"><img loading=\"lazy\" decoding=\"async\" class=\"size-thumbnail wp-image-4278\" alt=\"Open Street Map Tracking\" src=\"https:\/\/www.adventureradio.de\/wp-content\/uploads\/2013\/07\/SR075_20130704-150x150.jpg\" width=\"150\" height=\"150\" \/><\/a><figcaption id=\"caption-attachment-4278\" class=\"wp-caption-text\">Open Street Map Tracking<\/figcaption><\/figure><\/td>\n<td valign=\"top\">\n<p><figure id=\"attachment_4277\" aria-describedby=\"caption-attachment-4277\" style=\"width: 150px\" class=\"wp-caption aligncenter\"><a href=\"https:\/\/www.adventureradio.de\/wp-content\/uploads\/2013\/07\/SR075_20130703.jpg\"><img loading=\"lazy\" decoding=\"async\" class=\"size-thumbnail wp-image-4277\" alt=\"Wanderh\u00fctte Langensteinchen\" src=\"https:\/\/www.adventureradio.de\/wp-content\/uploads\/2013\/07\/SR075_20130703-150x150.jpg\" width=\"150\" height=\"150\" \/><\/a><figcaption id=\"caption-attachment-4277\" class=\"wp-caption-text\">Wanderh\u00fctte Langensteinchen<\/figcaption><\/figure><\/td>\n<\/tr>\n<\/tbody>\n<\/table>\n<p><\/center><\/p>\n<h3>6. Hardt DM\/NW-244, 480m, JO41AH, 20-Jul-2013<\/h3>\n<p>W\u00e4hrend ich nun einen Tag f\u00fcr R\u00fcckfahrt und Erholung am Sorpesee im Sauerland nutzte, sollte am letzten Tourtag noch ein Berg in der N\u00e4he aktiviert werden. Der 480m hohe Hardt DM\/NW-244. Vom Wanderparkplatz geht es auf eine 6,7 km lange Wanderung mit 217 m H\u00f6henunterschied.<\/p>\n<figure id=\"attachment_4280\" aria-describedby=\"caption-attachment-4280\" style=\"width: 800px\" class=\"wp-caption aligncenter\"><a href=\"https:\/\/www.adventureradio.de\/wp-content\/uploads\/2013\/07\/NW244_20130701.jpg\"><img loading=\"lazy\" decoding=\"async\" class=\"size-full wp-image-4280\" alt=\"Blick auf den Hardt im Sauerland\" src=\"https:\/\/www.adventureradio.de\/wp-content\/uploads\/2013\/07\/NW244_20130701.jpg\" width=\"800\" height=\"450\" srcset=\"https:\/\/www.adventureradio.de\/wp-content\/uploads\/2013\/07\/NW244_20130701.jpg 800w, https:\/\/www.adventureradio.de\/wp-content\/uploads\/2013\/07\/NW244_20130701-300x168.jpg 300w\" sizes=\"auto, (max-width: 767px) 89vw, (max-width: 1000px) 54vw, (max-width: 1071px) 543px, 580px\" \/><\/a><figcaption id=\"caption-attachment-4280\" class=\"wp-caption-text\">Blick auf den Hardt im Sauerland<\/figcaption><\/figure>\n<p>Auf der Bergkuppe steht ein Mobilfunkmast und dort wurde ein Wendeplatz (Waldwiese) f\u00fcr die Wartungsfahrzeuge angelegt, auf der die Funkstation ausgezeichnet aufgebaut werden kann.<br \/>\n<center><\/p>\n<table>\n<tbody>\n<tr>\n<td valign=\"top\">\n<p><figure id=\"attachment_4282\" aria-describedby=\"caption-attachment-4282\" style=\"width: 150px\" class=\"wp-caption aligncenter\"><a href=\"https:\/\/www.adventureradio.de\/wp-content\/uploads\/2013\/07\/NW244_20130703.jpg\"><img loading=\"lazy\" decoding=\"async\" class=\"size-thumbnail wp-image-4282\" alt=\"Orientierung am Wanderparkplatz\" src=\"https:\/\/www.adventureradio.de\/wp-content\/uploads\/2013\/07\/NW244_20130703-150x150.jpg\" width=\"150\" height=\"150\" \/><\/a><figcaption id=\"caption-attachment-4282\" class=\"wp-caption-text\">Orientierung am Wanderparkplatz<\/figcaption><\/figure><\/td>\n<td valign=\"top\">\n<p><figure id=\"attachment_4283\" aria-describedby=\"caption-attachment-4283\" style=\"width: 150px\" class=\"wp-caption aligncenter\"><a href=\"https:\/\/www.adventureradio.de\/wp-content\/uploads\/2013\/07\/NW244_20130704.jpg\"><img loading=\"lazy\" decoding=\"async\" class=\"size-thumbnail wp-image-4283\" alt=\"Ein Bl\u00fctenmeer an den H\u00e4ngen des Hardt\" src=\"https:\/\/www.adventureradio.de\/wp-content\/uploads\/2013\/07\/NW244_20130704-150x150.jpg\" width=\"150\" height=\"150\" \/><\/a><figcaption id=\"caption-attachment-4283\" class=\"wp-caption-text\">Ein Bl\u00fctenmeer an den H\u00e4ngen des Hardt<\/figcaption><\/figure><\/td>\n<td valign=\"top\">\n<p><figure id=\"attachment_4281\" aria-describedby=\"caption-attachment-4281\" style=\"width: 150px\" class=\"wp-caption aligncenter\"><a href=\"https:\/\/www.adventureradio.de\/wp-content\/uploads\/2013\/07\/NW244_20130702.jpg\"><img loading=\"lazy\" decoding=\"async\" class=\"size-thumbnail wp-image-4281\" alt=\"Operation Site DM\/NW-244\" src=\"https:\/\/www.adventureradio.de\/wp-content\/uploads\/2013\/07\/NW244_20130702-150x150.jpg\" width=\"150\" height=\"150\" \/><\/a><figcaption id=\"caption-attachment-4281\" class=\"wp-caption-text\">Operation Site DM\/NW-244<\/figcaption><\/figure><\/td>\n<\/tr>\n<\/tbody>\n<\/table>\n<p><\/center><br \/>\n<figure id=\"attachment_4285\" aria-describedby=\"caption-attachment-4285\" style=\"width: 800px\" class=\"wp-caption aligncenter\"><a href=\"https:\/\/www.adventureradio.de\/wp-content\/uploads\/2013\/07\/NW244_20130705.jpg\"><img loading=\"lazy\" decoding=\"async\" class=\"size-full wp-image-4285\" alt=\"OSM Tracking\" src=\"https:\/\/www.adventureradio.de\/wp-content\/uploads\/2013\/07\/NW244_20130705.jpg\" width=\"800\" height=\"450\" srcset=\"https:\/\/www.adventureradio.de\/wp-content\/uploads\/2013\/07\/NW244_20130705.jpg 800w, https:\/\/www.adventureradio.de\/wp-content\/uploads\/2013\/07\/NW244_20130705-300x168.jpg 300w\" sizes=\"auto, (max-width: 767px) 89vw, (max-width: 1000px) 54vw, (max-width: 1071px) 543px, 580px\" \/><\/a><figcaption id=\"caption-attachment-4285\" class=\"wp-caption-text\">OSM Tracking<\/figcaption><\/figure><\/p>\n<h3>Ergebnisse:<\/h3>\n<figure id=\"attachment_4287\" aria-describedby=\"caption-attachment-4287\" style=\"width: 345px\" class=\"wp-caption aligncenter\"><a href=\"https:\/\/www.adventureradio.de\/wp-content\/uploads\/2013\/07\/summertour_result.jpg\"><img loading=\"lazy\" decoding=\"async\" class=\"size-full wp-image-4287\" alt=\"Ergebnisse\" src=\"https:\/\/www.adventureradio.de\/wp-content\/uploads\/2013\/07\/summertour_result.jpg\" width=\"345\" height=\"780\" \/><\/a><figcaption id=\"caption-attachment-4287\" class=\"wp-caption-text\">Ergebnisse<\/figcaption><\/figure>\n","protected":false},"excerpt":{"rendered":"<p>Das eigentliche Ziel meiner kleinen (Funk-) Reise sollte das Saarland sein und \u00fcber eine westliche Route k\u00f6nnen gleich noch Berge in Belgien, Luxemburg und Frankreich besucht werden. Premiere auch die ersten Aktivit\u00e4ten mit meinem neuen\/alten Rufzeichen DL4MFM. Das hatte ich vor 4 Jahren gegen ein anderes getauscht, weil eine Piratenstation \u00fcber Monate ebenfalls DL4MFM benutzte. &hellip; <\/p>\n<p class=\"link-more\"><a href=\"https:\/\/www.adventureradio.de\/?p=4243\" class=\"more-link\"><span class=\"screen-reader-text\">\u201eON &#8211; LX &#8211; F &#8211; Saarland &#8211; Sauerland\u201c <\/span>weiterlesen<\/a><\/p>\n","protected":false},"author":3,"featured_media":0,"comment_status":"open","ping_status":"open","sticky":false,"template":"","format":"standard","meta":{"footnotes":""},"categories":[394,405,13,404,403,406,409,215,224],"tags":[316,318,314,315,317,312,313,311],"class_list":["post-4243","post","type-post","status-publish","format-standard","hentry","category-dlff-wff","category-f-france","category-gma","category-lx-luxemburg","category-on-belgium","category-onff","category-saarland","category-sauerland","category-sota","tag-hardt","tag-hartgartener-hohe","tag-jugendherberge-rurberg","tag-kiirchbesch","tag-langensteinchen","tag-le-mottenberg","tag-saarschleife","tag-signal-de-botrange"],"_links":{"self":[{"href":"https:\/\/www.adventureradio.de\/index.php?rest_route=\/wp\/v2\/posts\/4243","targetHints":{"allow":["GET"]}}],"collection":[{"href":"https:\/\/www.adventureradio.de\/index.php?rest_route=\/wp\/v2\/posts"}],"about":[{"href":"https:\/\/www.adventureradio.de\/index.php?rest_route=\/wp\/v2\/types\/post"}],"author":[{"embeddable":true,"href":"https:\/\/www.adventureradio.de\/index.php?rest_route=\/wp\/v2\/users\/3"}],"replies":[{"embeddable":true,"href":"https:\/\/www.adventureradio.de\/index.php?rest_route=%2Fwp%2Fv2%2Fcomments&post=4243"}],"version-history":[{"count":28,"href":"https:\/\/www.adventureradio.de\/index.php?rest_route=\/wp\/v2\/posts\/4243\/revisions"}],"predecessor-version":[{"id":5297,"href":"https:\/\/www.adventureradio.de\/index.php?rest_route=\/wp\/v2\/posts\/4243\/revisions\/5297"}],"wp:attachment":[{"href":"https:\/\/www.adventureradio.de\/index.php?rest_route=%2Fwp%2Fv2%2Fmedia&parent=4243"}],"wp:term":[{"taxonomy":"category","embeddable":true,"href":"https:\/\/www.adventureradio.de\/index.php?rest_route=%2Fwp%2Fv2%2Fcategories&post=4243"},{"taxonomy":"post_tag","embeddable":true,"href":"https:\/\/www.adventureradio.de\/index.php?rest_route=%2Fwp%2Fv2%2Ftags&post=4243"}],"curies":[{"name":"wp","href":"https:\/\/api.w.org\/{rel}","templated":true}]}}