{"id":3962,"date":"2013-05-09T20:09:42","date_gmt":"2013-05-09T19:09:42","guid":{"rendered":"http:\/\/www.adventureradio.de\/?p=3962"},"modified":"2014-09-18T15:25:04","modified_gmt":"2014-09-18T14:25:04","slug":"piesberg-dmns-108-4","status":"publish","type":"post","link":"https:\/\/www.adventureradio.de\/?p=3962","title":{"rendered":"Piesberg DM\/NS-108"},"content":{"rendered":"<figure id=\"attachment_3963\" aria-describedby=\"caption-attachment-3963\" style=\"width: 600px\" class=\"wp-caption aligncenter\"><a href=\"https:\/\/www.adventureradio.de\/2013\/05\/09\/piesberg-dmns-108-4\/attachment\/2013050901\/\" rel=\"attachment wp-att-3963\"><img loading=\"lazy\" decoding=\"async\" class=\"size-full wp-image-3963\" alt=\"Ein Tag Fr\u00fchling ...\" src=\"https:\/\/www.adventureradio.de\/wp-content\/uploads\/2013\/05\/2013050901.jpg\" width=\"600\" height=\"362\" srcset=\"https:\/\/www.adventureradio.de\/wp-content\/uploads\/2013\/05\/2013050901.jpg 600w, https:\/\/www.adventureradio.de\/wp-content\/uploads\/2013\/05\/2013050901-300x181.jpg 300w\" sizes=\"auto, (max-width: 600px) 100vw, 600px\" \/><\/a><figcaption id=\"caption-attachment-3963\" class=\"wp-caption-text\">Ein Tag Fr\u00fchling &#8230;<\/figcaption><\/figure>\n<p>Bis zum Mittag hat es geregnet, aber dann klarte es auf und der Fr\u00fchling kam zum Vorschein. Die Bedingungen waren zwar noch immer nicht besser auf den unteren B\u00e4ndern, aber in der Sonne lie\u00df es sich gut aushalten und so blieb ich ungewohnt lange auf der Bergkuppe. Station: ca. 75w, MP-1 mit verschiedenen Strahlern, Palm Paddle und Code Cube.<\/p>\n<figure id=\"attachment_3964\" aria-describedby=\"caption-attachment-3964\" style=\"width: 599px\" class=\"wp-caption aligncenter\"><a href=\"https:\/\/www.adventureradio.de\/2013\/05\/09\/piesberg-dmns-108-4\/attachment\/2013050902\/\" rel=\"attachment wp-att-3964\"><img loading=\"lazy\" decoding=\"async\" class=\"size-full wp-image-3964\" alt=\"eQSLs f\u00fcr den 9. Mai 2013\" src=\"https:\/\/www.adventureradio.de\/wp-content\/uploads\/2013\/05\/2013050902.jpg\" width=\"599\" height=\"387\" srcset=\"https:\/\/www.adventureradio.de\/wp-content\/uploads\/2013\/05\/2013050902.jpg 599w, https:\/\/www.adventureradio.de\/wp-content\/uploads\/2013\/05\/2013050902-300x193.jpg 300w\" sizes=\"auto, (max-width: 599px) 100vw, 599px\" \/><\/a><figcaption id=\"caption-attachment-3964\" class=\"wp-caption-text\">eQSLs f\u00fcr den 9. Mai 2013<\/figcaption><\/figure>\n<figure id=\"attachment_3965\" aria-describedby=\"caption-attachment-3965\" style=\"width: 292px\" class=\"wp-caption aligncenter\"><a href=\"https:\/\/www.adventureradio.de\/2013\/05\/09\/piesberg-dmns-108-4\/attachment\/2013050903\/\" rel=\"attachment wp-att-3965\"><img loading=\"lazy\" decoding=\"async\" class=\"size-full wp-image-3965\" alt=\"Im Logbuch\" src=\"https:\/\/www.adventureradio.de\/wp-content\/uploads\/2013\/05\/2013050903.jpg\" width=\"292\" height=\"562\" \/><\/a><figcaption id=\"caption-attachment-3965\" class=\"wp-caption-text\">Im Logbuch<\/figcaption><\/figure>\n","protected":false},"excerpt":{"rendered":"<p>Bis zum Mittag hat es geregnet, aber dann klarte es auf und der Fr\u00fchling kam zum Vorschein. Die Bedingungen waren zwar noch immer nicht besser auf den unteren B\u00e4ndern, aber in der Sonne lie\u00df es sich gut aushalten und so blieb ich ungewohnt lange auf der Bergkuppe. Station: ca. 75w, MP-1 mit verschiedenen Strahlern, Palm &hellip; <\/p>\n<p class=\"link-more\"><a href=\"https:\/\/www.adventureradio.de\/?p=3962\" class=\"more-link\"><span class=\"screen-reader-text\">\u201ePiesberg DM\/NS-108\u201c <\/span>weiterlesen<\/a><\/p>\n","protected":false},"author":1,"featured_media":0,"comment_status":"open","ping_status":"open","sticky":false,"template":"","format":"standard","meta":{"footnotes":""},"categories":[394,13,374,224],"tags":[],"class_list":["post-3962","post","type-post","status-publish","format-standard","hentry","category-dlff-wff","category-gma","category-osnabruecker-bergland","category-sota"],"_links":{"self":[{"href":"https:\/\/www.adventureradio.de\/index.php?rest_route=\/wp\/v2\/posts\/3962","targetHints":{"allow":["GET"]}}],"collection":[{"href":"https:\/\/www.adventureradio.de\/index.php?rest_route=\/wp\/v2\/posts"}],"about":[{"href":"https:\/\/www.adventureradio.de\/index.php?rest_route=\/wp\/v2\/types\/post"}],"author":[{"embeddable":true,"href":"https:\/\/www.adventureradio.de\/index.php?rest_route=\/wp\/v2\/users\/1"}],"replies":[{"embeddable":true,"href":"https:\/\/www.adventureradio.de\/index.php?rest_route=%2Fwp%2Fv2%2Fcomments&post=3962"}],"version-history":[{"count":5,"href":"https:\/\/www.adventureradio.de\/index.php?rest_route=\/wp\/v2\/posts\/3962\/revisions"}],"predecessor-version":[{"id":5587,"href":"https:\/\/www.adventureradio.de\/index.php?rest_route=\/wp\/v2\/posts\/3962\/revisions\/5587"}],"wp:attachment":[{"href":"https:\/\/www.adventureradio.de\/index.php?rest_route=%2Fwp%2Fv2%2Fmedia&parent=3962"}],"wp:term":[{"taxonomy":"category","embeddable":true,"href":"https:\/\/www.adventureradio.de\/index.php?rest_route=%2Fwp%2Fv2%2Fcategories&post=3962"},{"taxonomy":"post_tag","embeddable":true,"href":"https:\/\/www.adventureradio.de\/index.php?rest_route=%2Fwp%2Fv2%2Ftags&post=3962"}],"curies":[{"name":"wp","href":"https:\/\/api.w.org\/{rel}","templated":true}]}}