{"id":2631,"date":"2013-02-09T22:17:49","date_gmt":"2013-02-09T22:17:49","guid":{"rendered":"http:\/\/www.adventureradio.de\/?p=2631"},"modified":"2014-09-18T15:45:39","modified_gmt":"2014-09-18T14:45:39","slug":"wintertour-2013-funfter-und-letzter-tag","status":"publish","type":"post","link":"https:\/\/www.adventureradio.de\/?p=2631","title":{"rendered":"Wintertour 2013 (F\u00fcnfter und letzter Tag)"},"content":{"rendered":"<p style=\"text-align: center;\"><a href=\"https:\/\/www.adventureradio.de\/2013\/02\/09\/wintertour-2013-funfter-und-letzter-tag\/attachment\/2221\/#main\" rel=\"attachment wp-att-2638\"><img loading=\"lazy\" decoding=\"async\" class=\"aligncenter  wp-image-2638\" alt=\"D\u00fcmberg DM\/NW-222\" src=\"https:\/\/www.adventureradio.de\/wp-content\/uploads\/2013\/02\/2221.jpg\" width=\"594\" height=\"369\" srcset=\"https:\/\/www.adventureradio.de\/wp-content\/uploads\/2013\/02\/2221.jpg 820w, https:\/\/www.adventureradio.de\/wp-content\/uploads\/2013\/02\/2221-300x186.jpg 300w, https:\/\/www.adventureradio.de\/wp-content\/uploads\/2013\/02\/2221-624x388.jpg 624w\" sizes=\"auto, (max-width: 594px) 100vw, 594px\" \/><\/a><br \/>\n\u00dcber mangelnden Schnee konnte ich mich nun auch im Sauerland nicht beschweren. Ziel sollte der im <a title=\"Naturpark Homert\" href=\"http:\/\/de.wikipedia.org\/wiki\/Naturpark_Homert\" target=\"_blank\">Naturpark Homert<\/a> gelegene 575,5m hohe <a title=\"D\u00fcmberg\" href=\"http:\/\/de.wikipedia.org\/wiki\/D%C3%BCmberg\" target=\"_blank\">D\u00fcmberg<\/a>\u00a0 (<a title=\"DM\/NW-222\" href=\"http:\/\/www.cqgma.eu\/gmainfo.php?id=DM\/NW-222\" target=\"_blank\">DM\/NW-222<\/a>) sein, der von einem nahegelegenen Wanderparkplatz an der L519 (Auf dem Schoten) bei <a title=\"Endorf (Sundern)\" href=\"http:\/\/de.wikipedia.org\/wiki\/Endorf\" target=\"_blank\">Endorf<\/a> liegt. Das GPS Ger\u00e4t zeigte nur 1,2 Kilometer Entfernung an, allerdings bei \u00fcber 250m H\u00f6henunterschied. Darum f\u00fchrte der Wanderweg auch in einem riesigen Bogen auf den Gipfel. Vorher irgendwo hinaufzukommen war so gut wie nicht m\u00f6glich: zu steil um querfeldein zu gehen, zu hoher Schnee, Wege nicht erkennbar.<\/p>\n<figure id=\"attachment_2637\" aria-describedby=\"caption-attachment-2637\" style=\"width: 594px\" class=\"wp-caption aligncenter\"><a href=\"https:\/\/www.adventureradio.de\/2013\/02\/09\/wintertour-2013-funfter-und-letzter-tag\/attachment\/2222\/#main\" rel=\"attachment wp-att-2637\"><img loading=\"lazy\" decoding=\"async\" class=\" wp-image-2637 \" alt=\"Standort per APRS. Vom Wanderparkplatz (links unten) geht es in einem gro\u00dfen Bogen auf die Bergkuppe.\" src=\"https:\/\/www.adventureradio.de\/wp-content\/uploads\/2013\/02\/2222.jpg\" width=\"594\" height=\"334\" srcset=\"https:\/\/www.adventureradio.de\/wp-content\/uploads\/2013\/02\/2222.jpg 800w, https:\/\/www.adventureradio.de\/wp-content\/uploads\/2013\/02\/2222-300x168.jpg 300w, https:\/\/www.adventureradio.de\/wp-content\/uploads\/2013\/02\/2222-624x351.jpg 624w\" sizes=\"auto, (max-width: 594px) 100vw, 594px\" \/><\/a><figcaption id=\"caption-attachment-2637\" class=\"wp-caption-text\">Standort per APRS. Vom Wanderparkplatz (links unten) geht es in einem gro\u00dfen Bogen auf die Bergkuppe. <em>(Open Street Map)<\/em><\/figcaption><\/figure>\n<p>Der Aufstieg dauerte schwei\u00dftreibende 1,5 Stunden. Auf der Bergkuppe kamen dann aber schnell 48 QSO ins Log und als es heftig anfing zu Schneien, habe ich qrt gemacht. Der Abstieg war dann auch nicht viel einfacher, ich habe versucht \u00fcber einen Querweg den Rundwanderweg Richtung Parkplatz wieder zu erreichen, dieser Weg endete aber in einem Kyrill-Windbruch. Die Durchquerung nahm viel Anstrengung und Zeit in Anspruch, nach weiteren 1,5 Stunden war ich wieder am Auto. Die Aktivierung am n\u00e4chsten Tag musste ausfallen &#8230;<br \/>\n<center><\/p>\n<table border=\"0\" align=\"center\">\n<tbody>\n<tr>\n<td valign=\"top\">\n<p><figure id=\"attachment_2633\" aria-describedby=\"caption-attachment-2633\" style=\"width: 270px\" class=\"wp-caption aligncenter\"><a href=\"https:\/\/www.adventureradio.de\/2013\/02\/09\/wintertour-2013-funfter-und-letzter-tag\/attachment\/2226\/#main\" rel=\"attachment wp-att-2633\"><img decoding=\"async\" class=\"size-medium wp-image-2633\" alt=\"Der Weg L1 f\u00fchrt zur Bergkuppe\" src=\"https:\/\/www.adventureradio.de\/wp-content\/uploads\/2013\/02\/2226.jpg?w=270\" width=\"270\" srcset=\"https:\/\/www.adventureradio.de\/wp-content\/uploads\/2013\/02\/2226.jpg 800w, https:\/\/www.adventureradio.de\/wp-content\/uploads\/2013\/02\/2226-300x169.jpg 300w, https:\/\/www.adventureradio.de\/wp-content\/uploads\/2013\/02\/2226-624x351.jpg 624w\" sizes=\"(max-width: 767px) 89vw, (max-width: 1000px) 54vw, (max-width: 1071px) 543px, 580px\" \/><\/a><figcaption id=\"caption-attachment-2633\" class=\"wp-caption-text\">Der Weg L1 f\u00fchrt zur Bergkuppe<\/figcaption><\/figure><\/td>\n<td valign=\"top\">\n<p><figure id=\"attachment_2635\" aria-describedby=\"caption-attachment-2635\" style=\"width: 270px\" class=\"wp-caption aligncenter\"><a href=\"https:\/\/www.adventureradio.de\/2013\/02\/09\/wintertour-2013-funfter-und-letzter-tag\/attachment\/2224\/#main\" rel=\"attachment wp-att-2635\"><img decoding=\"async\" class=\"size-medium wp-image-2635\" alt=\"Am Wanderparkplatz\" src=\"https:\/\/www.adventureradio.de\/wp-content\/uploads\/2013\/02\/2224.jpg?w=270\" width=\"270\" srcset=\"https:\/\/www.adventureradio.de\/wp-content\/uploads\/2013\/02\/2224.jpg 800w, https:\/\/www.adventureradio.de\/wp-content\/uploads\/2013\/02\/2224-300x169.jpg 300w, https:\/\/www.adventureradio.de\/wp-content\/uploads\/2013\/02\/2224-624x351.jpg 624w\" sizes=\"(max-width: 767px) 89vw, (max-width: 1000px) 54vw, (max-width: 1071px) 543px, 580px\" \/><\/a><figcaption id=\"caption-attachment-2635\" class=\"wp-caption-text\">Am Wanderparkplatz<\/figcaption><\/figure><\/td>\n<\/tr>\n<\/tbody>\n<\/table>\n<p><\/center><br \/>\n<figure id=\"attachment_2636\" aria-describedby=\"caption-attachment-2636\" style=\"width: 594px\" class=\"wp-caption aligncenter\"><a href=\"https:\/\/www.adventureradio.de\/2013\/02\/09\/wintertour-2013-funfter-und-letzter-tag\/attachment\/2223\/#main\" rel=\"attachment wp-att-2636\"><img loading=\"lazy\" decoding=\"async\" class=\" wp-image-2636 \" alt=\"Herrlichstes Winterwetter am D\u00fcmberg\" src=\"https:\/\/www.adventureradio.de\/wp-content\/uploads\/2013\/02\/2223.jpg\" width=\"594\" height=\"335\" srcset=\"https:\/\/www.adventureradio.de\/wp-content\/uploads\/2013\/02\/2223.jpg 800w, https:\/\/www.adventureradio.de\/wp-content\/uploads\/2013\/02\/2223-300x169.jpg 300w, https:\/\/www.adventureradio.de\/wp-content\/uploads\/2013\/02\/2223-624x351.jpg 624w\" sizes=\"auto, (max-width: 594px) 100vw, 594px\" \/><\/a><figcaption id=\"caption-attachment-2636\" class=\"wp-caption-text\">Herrlichstes Winterwetter am D\u00fcmberg<\/figcaption><\/figure><br \/>\n<center><\/p>\n<table border=\"0\" align=\"center\">\n<tbody>\n<tr>\n<td valign=\"top\">\n<p><figure id=\"attachment_2634\" aria-describedby=\"caption-attachment-2634\" style=\"width: 270px\" class=\"wp-caption aligncenter\"><a href=\"https:\/\/www.adventureradio.de\/2013\/02\/09\/wintertour-2013-funfter-und-letzter-tag\/attachment\/2225\/#main\" rel=\"attachment wp-att-2634\"><img decoding=\"async\" class=\"size-medium wp-image-2634\" alt=\"In der Unterkunft am Sorpesee ...\" src=\"https:\/\/www.adventureradio.de\/wp-content\/uploads\/2013\/02\/2225.jpg?w=270\" width=\"270\" srcset=\"https:\/\/www.adventureradio.de\/wp-content\/uploads\/2013\/02\/2225.jpg 800w, https:\/\/www.adventureradio.de\/wp-content\/uploads\/2013\/02\/2225-300x169.jpg 300w, https:\/\/www.adventureradio.de\/wp-content\/uploads\/2013\/02\/2225-624x351.jpg 624w\" sizes=\"(max-width: 767px) 89vw, (max-width: 1000px) 54vw, (max-width: 1071px) 543px, 580px\" \/><\/a><figcaption id=\"caption-attachment-2634\" class=\"wp-caption-text\">In der Unterkunft am Sorpesee &#8230;<\/figcaption><\/figure><\/td>\n<td valign=\"top\">\n<p><figure id=\"attachment_2632\" aria-describedby=\"caption-attachment-2632\" style=\"width: 270px\" class=\"wp-caption aligncenter\"><a href=\"https:\/\/www.adventureradio.de\/2013\/02\/09\/wintertour-2013-funfter-und-letzter-tag\/attachment\/2227\/#main\" rel=\"attachment wp-att-2632\"><img decoding=\"async\" class=\"size-medium wp-image-2632\" alt=\"... mussten erstmal die Wanderschuhe trocknen\" src=\"https:\/\/www.adventureradio.de\/wp-content\/uploads\/2013\/02\/2227.jpg?w=270\" width=\"270\" srcset=\"https:\/\/www.adventureradio.de\/wp-content\/uploads\/2013\/02\/2227.jpg 800w, https:\/\/www.adventureradio.de\/wp-content\/uploads\/2013\/02\/2227-300x169.jpg 300w, https:\/\/www.adventureradio.de\/wp-content\/uploads\/2013\/02\/2227-624x351.jpg 624w\" sizes=\"(max-width: 767px) 89vw, (max-width: 1000px) 54vw, (max-width: 1071px) 543px, 580px\" \/><\/a><figcaption id=\"caption-attachment-2632\" class=\"wp-caption-text\">&#8230; mussten erstmal die Wanderschuhe trocknen<\/figcaption><\/figure><\/td>\n<\/tr>\n<\/tbody>\n<\/table>\n<p><\/center><\/p>\n","protected":false},"excerpt":{"rendered":"<p>\u00dcber mangelnden Schnee konnte ich mich nun auch im Sauerland nicht beschweren. Ziel sollte der im Naturpark Homert gelegene 575,5m hohe D\u00fcmberg\u00a0 (DM\/NW-222) sein, der von einem nahegelegenen Wanderparkplatz an der L519 (Auf dem Schoten) bei Endorf liegt. Das GPS Ger\u00e4t zeigte nur 1,2 Kilometer Entfernung an, allerdings bei \u00fcber 250m H\u00f6henunterschied. Darum f\u00fchrte der &hellip; <\/p>\n<p class=\"link-more\"><a href=\"https:\/\/www.adventureradio.de\/?p=2631\" class=\"more-link\"><span class=\"screen-reader-text\">\u201eWintertour 2013 (F\u00fcnfter und letzter Tag)\u201c <\/span>weiterlesen<\/a><\/p>\n","protected":false},"author":1,"featured_media":0,"comment_status":"open","ping_status":"open","sticky":false,"template":"","format":"standard","meta":{"footnotes":""},"categories":[394,13,215,224],"tags":[72,498,234],"class_list":["post-2631","post","type-post","status-publish","format-standard","hentry","category-dlff-wff","category-gma","category-sauerland","category-sota","tag-dumberg","tag-sauerland","tag-sundern"],"_links":{"self":[{"href":"https:\/\/www.adventureradio.de\/index.php?rest_route=\/wp\/v2\/posts\/2631","targetHints":{"allow":["GET"]}}],"collection":[{"href":"https:\/\/www.adventureradio.de\/index.php?rest_route=\/wp\/v2\/posts"}],"about":[{"href":"https:\/\/www.adventureradio.de\/index.php?rest_route=\/wp\/v2\/types\/post"}],"author":[{"embeddable":true,"href":"https:\/\/www.adventureradio.de\/index.php?rest_route=\/wp\/v2\/users\/1"}],"replies":[{"embeddable":true,"href":"https:\/\/www.adventureradio.de\/index.php?rest_route=%2Fwp%2Fv2%2Fcomments&post=2631"}],"version-history":[{"count":3,"href":"https:\/\/www.adventureradio.de\/index.php?rest_route=\/wp\/v2\/posts\/2631\/revisions"}],"predecessor-version":[{"id":5298,"href":"https:\/\/www.adventureradio.de\/index.php?rest_route=\/wp\/v2\/posts\/2631\/revisions\/5298"}],"wp:attachment":[{"href":"https:\/\/www.adventureradio.de\/index.php?rest_route=%2Fwp%2Fv2%2Fmedia&parent=2631"}],"wp:term":[{"taxonomy":"category","embeddable":true,"href":"https:\/\/www.adventureradio.de\/index.php?rest_route=%2Fwp%2Fv2%2Fcategories&post=2631"},{"taxonomy":"post_tag","embeddable":true,"href":"https:\/\/www.adventureradio.de\/index.php?rest_route=%2Fwp%2Fv2%2Ftags&post=2631"}],"curies":[{"name":"wp","href":"https:\/\/api.w.org\/{rel}","templated":true}]}}