{"id":2537,"date":"2013-02-04T22:00:52","date_gmt":"2013-02-04T22:00:52","guid":{"rendered":"http:\/\/www.adventureradio.de\/?p=2537"},"modified":"2014-09-18T16:22:29","modified_gmt":"2014-09-18T15:22:29","slug":"wintertour-2013-tag-1","status":"publish","type":"post","link":"https:\/\/www.adventureradio.de\/?p=2537","title":{"rendered":"Wintertour 2013 (Tag 1)"},"content":{"rendered":"<figure id=\"attachment_2540\" aria-describedby=\"caption-attachment-2540\" style=\"width: 800px\" class=\"wp-caption aligncenter\"><a href=\"https:\/\/www.adventureradio.de\/wp-content\/uploads\/2013\/02\/unbenannt-7.jpg\" rel=\"attachment wp-att-2540\"><img loading=\"lazy\" decoding=\"async\" class=\"  wp-image-2540 size-full\" src=\"https:\/\/www.adventureradio.de\/wp-content\/uploads\/2013\/02\/unbenannt-7.jpg\" alt=\"Blick vom &quot;Gro\u00dfen Sonnenst\u00fcck&quot;\" width=\"800\" height=\"451\" srcset=\"https:\/\/www.adventureradio.de\/wp-content\/uploads\/2013\/02\/unbenannt-7.jpg 800w, https:\/\/www.adventureradio.de\/wp-content\/uploads\/2013\/02\/unbenannt-7-300x169.jpg 300w, https:\/\/www.adventureradio.de\/wp-content\/uploads\/2013\/02\/unbenannt-7-624x351.jpg 624w\" sizes=\"auto, (max-width: 767px) 89vw, (max-width: 1000px) 54vw, (max-width: 1071px) 543px, 580px\" \/><\/a><figcaption id=\"caption-attachment-2540\" class=\"wp-caption-text\">Blick vom &#8222;Gro\u00dfen Sonnenst\u00fcck&#8220;<\/figcaption><\/figure>\n<p>Grauer Himmel, Dauerregen, so begann meine Tour im <a title=\"Naturpark Homert\" href=\"http:\/\/de.wikipedia.org\/wiki\/Naturpark_Homert\" target=\"_blank\">Naturpark Homert<\/a> (DLFF-073) im Sauerland. Das &#8222;<a title=\"Gro\u00dfes Sonnenst\u00fcck\" href=\"http:\/\/de.wikipedia.org\/wiki\/Gro%C3%9Fes_Sonnenst%C3%BCck\" target=\"_blank\">Gro\u00dfe Sonnenst\u00fcck<\/a>&#8220;\u00a0 (<a title=\"DM\/NW-220\" href=\"http:\/\/www.cqgma.eu\/gmainfo.php?id=DM\/NW-220\" target=\"_blank\">DM\/NW-220<\/a>) mit 579m \u00fcber NN sollte das erste Ziel sein. Ein Wanderparkplatz am Fu\u00dfe des Berges und ein gut ausgezeichneter Wanderweg auf die Bergkuppe lie\u00dfen den Berg schnell erklimmen. Oben angekommen riss dann doch die Wolkendecke auf und w\u00e4hrend der folgenden Stunde, in der 60 QSO ins Log kamen, machte der Berg seinem Namen alle Ehre.<\/p>\n<p>&nbsp;<br \/>\n<center><\/p>\n<table>\n<tbody>\n<tr>\n<td valign=\"top\">\n<p><figure id=\"attachment_2539\" aria-describedby=\"caption-attachment-2539\" style=\"width: 150px\" class=\"wp-caption aligncenter\"><a href=\"https:\/\/www.adventureradio.de\/wp-content\/uploads\/2013\/02\/unbenannt-6.jpg\" rel=\"attachment wp-att-2539\"><img loading=\"lazy\" decoding=\"async\" class=\"wp-image-2539 size-thumbnail\" src=\"https:\/\/www.adventureradio.de\/wp-content\/uploads\/2013\/02\/unbenannt-6-150x150.jpg\" alt=\"Wanderparkplatz Gr. Sonnenst\u00fcck\" width=\"150\" height=\"150\" \/><\/a><figcaption id=\"caption-attachment-2539\" class=\"wp-caption-text\">Wanderparkplatz Gr. Sonnenst\u00fcck<\/figcaption><\/figure><\/td>\n<td valign=\"top\">\n<p><figure id=\"attachment_2538\" aria-describedby=\"caption-attachment-2538\" style=\"width: 150px\" class=\"wp-caption aligncenter\"><a href=\"https:\/\/www.adventureradio.de\/wp-content\/uploads\/2013\/02\/unbenannt-5.jpg\" rel=\"attachment wp-att-2538\"><img loading=\"lazy\" decoding=\"async\" class=\"wp-image-2538 size-thumbnail\" src=\"https:\/\/www.adventureradio.de\/wp-content\/uploads\/2013\/02\/unbenannt-5-150x150.jpg\" alt=\"Immer dem Wanderweg L3 folgen\" width=\"150\" height=\"150\" \/><\/a><figcaption id=\"caption-attachment-2538\" class=\"wp-caption-text\">Immer dem Wanderweg L3 folgen<\/figcaption><\/figure><\/td>\n<td valign=\"top\">\n<p><figure id=\"attachment_2541\" aria-describedby=\"caption-attachment-2541\" style=\"width: 150px\" class=\"wp-caption aligncenter\"><a href=\"https:\/\/www.adventureradio.de\/wp-content\/uploads\/2013\/02\/unbenannt-9.jpg\" rel=\"attachment wp-att-2541\"><img loading=\"lazy\" decoding=\"async\" class=\"wp-image-2541 size-thumbnail\" src=\"https:\/\/www.adventureradio.de\/wp-content\/uploads\/2013\/02\/unbenannt-9-150x150.jpg\" alt=\"Blauer Himmel \u00fcber dem Gipfel\" width=\"150\" height=\"150\" \/><\/a><figcaption id=\"caption-attachment-2541\" class=\"wp-caption-text\">Blauer Himmel \u00fcber dem Gipfel<\/figcaption><\/figure><\/td>\n<\/tr>\n<\/tbody>\n<\/table>\n<p><\/center><br \/>\n&nbsp;<br \/>\nNach dieser Aktivit\u00e4t und dem Abstieg ging es weiter zur <a title=\"Burg Bilstein\" href=\"http:\/\/de.wikipedia.org\/wiki\/Burg_Bilstein_%28Lennestadt%29\" target=\"_blank\">Burg Bilstein<\/a> in Lennestadt-Bilstein. Hier war die erste \u00dcbernachtung geplant und dazu eine COTA (Castles On The Air) Aktivit\u00e4t. Die fiel aber leider mehr oder weniger ins Wasser und ich zog mich in meine &#8222;R\u00fcstkammer&#8220; zur\u00fcck.<\/p>\n<p>&nbsp;<br \/>\n<center><\/p>\n<table>\n<tbody>\n<tr>\n<td valign=\"top\">\n<p><figure id=\"attachment_2542\" aria-describedby=\"caption-attachment-2542\" style=\"width: 300px\" class=\"wp-caption aligncenter\"><a href=\"https:\/\/www.adventureradio.de\/wp-content\/uploads\/2013\/02\/unbenannt-10.jpg\" rel=\"attachment wp-att-2542\"><img loading=\"lazy\" decoding=\"async\" class=\"wp-image-2542 size-medium\" src=\"https:\/\/www.adventureradio.de\/wp-content\/uploads\/2013\/02\/unbenannt-10-300x169.jpg\" alt=\"Z\u00fcnftig: \u00dcbernachtung in der R\u00fcstkammer\" width=\"300\" height=\"169\" srcset=\"https:\/\/www.adventureradio.de\/wp-content\/uploads\/2013\/02\/unbenannt-10-300x169.jpg 300w, https:\/\/www.adventureradio.de\/wp-content\/uploads\/2013\/02\/unbenannt-10-624x351.jpg 624w, https:\/\/www.adventureradio.de\/wp-content\/uploads\/2013\/02\/unbenannt-10.jpg 800w\" sizes=\"auto, (max-width: 300px) 100vw, 300px\" \/><\/a><figcaption id=\"caption-attachment-2542\" class=\"wp-caption-text\">Z\u00fcnftig: \u00dcbernachtung in der R\u00fcstkammer<\/figcaption><\/figure><\/td>\n<td valign=\"top\">\n<p><figure id=\"attachment_2543\" aria-describedby=\"caption-attachment-2543\" style=\"width: 300px\" class=\"wp-caption aligncenter\"><a href=\"https:\/\/www.adventureradio.de\/wp-content\/uploads\/2013\/02\/unbenannt-24.jpg\" rel=\"attachment wp-att-2543\"><img loading=\"lazy\" decoding=\"async\" class=\"wp-image-2543 size-medium\" src=\"https:\/\/www.adventureradio.de\/wp-content\/uploads\/2013\/02\/unbenannt-24-300x169.jpg\" alt=\"Die Burg im Dunkeln\" width=\"300\" height=\"169\" srcset=\"https:\/\/www.adventureradio.de\/wp-content\/uploads\/2013\/02\/unbenannt-24-300x169.jpg 300w, https:\/\/www.adventureradio.de\/wp-content\/uploads\/2013\/02\/unbenannt-24-624x351.jpg 624w, https:\/\/www.adventureradio.de\/wp-content\/uploads\/2013\/02\/unbenannt-24.jpg 800w\" sizes=\"auto, (max-width: 300px) 100vw, 300px\" \/><\/a><figcaption id=\"caption-attachment-2543\" class=\"wp-caption-text\">Die Burg Bilstein im Dunkeln<\/figcaption><\/figure><\/td>\n<\/tr>\n<\/tbody>\n<\/table>\n<p><\/center><br \/>\n&nbsp;<\/p>\n","protected":false},"excerpt":{"rendered":"<p>Grauer Himmel, Dauerregen, so begann meine Tour im Naturpark Homert (DLFF-073) im Sauerland. Das &#8222;Gro\u00dfe Sonnenst\u00fcck&#8220;\u00a0 (DM\/NW-220) mit 579m \u00fcber NN sollte das erste Ziel sein. Ein Wanderparkplatz am Fu\u00dfe des Berges und ein gut ausgezeichneter Wanderweg auf die Bergkuppe lie\u00dfen den Berg schnell erklimmen. Oben angekommen riss dann doch die Wolkendecke auf und w\u00e4hrend &hellip; <\/p>\n<p class=\"link-more\"><a href=\"https:\/\/www.adventureradio.de\/?p=2537\" class=\"more-link\"><span class=\"screen-reader-text\">\u201eWintertour 2013 (Tag 1)\u201c <\/span>weiterlesen<\/a><\/p>\n","protected":false},"author":1,"featured_media":0,"comment_status":"open","ping_status":"open","sticky":false,"template":"","format":"standard","meta":{"footnotes":""},"categories":[9,394,13,215,224],"tags":[52,134,187,498],"class_list":["post-2537","post","type-post","status-publish","format-standard","hentry","category-cota","category-dlff-wff","category-gma","category-sauerland","category-sota","tag-burg-bilstein","tag-groses-sonnenstuck","tag-naturpark-homert","tag-sauerland"],"_links":{"self":[{"href":"https:\/\/www.adventureradio.de\/index.php?rest_route=\/wp\/v2\/posts\/2537","targetHints":{"allow":["GET"]}}],"collection":[{"href":"https:\/\/www.adventureradio.de\/index.php?rest_route=\/wp\/v2\/posts"}],"about":[{"href":"https:\/\/www.adventureradio.de\/index.php?rest_route=\/wp\/v2\/types\/post"}],"author":[{"embeddable":true,"href":"https:\/\/www.adventureradio.de\/index.php?rest_route=\/wp\/v2\/users\/1"}],"replies":[{"embeddable":true,"href":"https:\/\/www.adventureradio.de\/index.php?rest_route=%2Fwp%2Fv2%2Fcomments&post=2537"}],"version-history":[{"count":6,"href":"https:\/\/www.adventureradio.de\/index.php?rest_route=\/wp\/v2\/posts\/2537\/revisions"}],"predecessor-version":[{"id":4754,"href":"https:\/\/www.adventureradio.de\/index.php?rest_route=\/wp\/v2\/posts\/2537\/revisions\/4754"}],"wp:attachment":[{"href":"https:\/\/www.adventureradio.de\/index.php?rest_route=%2Fwp%2Fv2%2Fmedia&parent=2537"}],"wp:term":[{"taxonomy":"category","embeddable":true,"href":"https:\/\/www.adventureradio.de\/index.php?rest_route=%2Fwp%2Fv2%2Fcategories&post=2537"},{"taxonomy":"post_tag","embeddable":true,"href":"https:\/\/www.adventureradio.de\/index.php?rest_route=%2Fwp%2Fv2%2Ftags&post=2537"}],"curies":[{"name":"wp","href":"https:\/\/api.w.org\/{rel}","templated":true}]}}