{"id":2000,"date":"2012-04-05T21:08:23","date_gmt":"2012-04-05T21:08:23","guid":{"rendered":"http:\/\/www.adventureradio.de\/?p=2000"},"modified":"2014-09-19T18:44:02","modified_gmt":"2014-09-19T17:44:02","slug":"german-mountain-award-startschuss-gelungen","status":"publish","type":"post","link":"https:\/\/www.adventureradio.de\/?p=2000","title":{"rendered":"German Mountain Award: Startschuss gelungen"},"content":{"rendered":"<figure id=\"attachment_2001\" aria-describedby=\"caption-attachment-2001\" style=\"width: 700px\" class=\"wp-caption aligncenter\"><a href=\"https:\/\/www.adventureradio.de\/wp-content\/uploads\/2012\/04\/wna201204.jpg\"><img loading=\"lazy\" decoding=\"async\" class=\"wp-image-2001 size-full\" title=\"wna201204\" src=\"https:\/\/www.adventureradio.de\/wp-content\/uploads\/2012\/04\/wna201204.jpg\" alt=\"Westfalen Nord Aktivit\u00e4tsabend vom AUssichtsturm Venner Berg (DA\/NI-096)\" width=\"700\" height=\"394\" srcset=\"https:\/\/www.adventureradio.de\/wp-content\/uploads\/2012\/04\/wna201204.jpg 700w, https:\/\/www.adventureradio.de\/wp-content\/uploads\/2012\/04\/wna201204-300x168.jpg 300w, https:\/\/www.adventureradio.de\/wp-content\/uploads\/2012\/04\/wna201204-624x351.jpg 624w\" sizes=\"auto, (max-width: 700px) 100vw, 700px\" \/><\/a><figcaption id=\"caption-attachment-2001\" class=\"wp-caption-text\">Westfalen Nord Aktivit\u00e4tsabend vom Aussichtsturm Venner Berg (DA\/NI-096)<\/figcaption><\/figure>\n<p><a href=\"https:\/\/www.adventureradio.de\/wp-content\/uploads\/2010\/12\/zc4.gif\"><img loading=\"lazy\" decoding=\"async\" class=\"alignleft size-full wp-image-1019\" title=\"G\" src=\"https:\/\/www.adventureradio.de\/wp-content\/uploads\/2010\/12\/zc4.gif\" alt=\"G\" width=\"20\" height=\"13\" \/><\/a>\u00a0 <strong>Go-Ahead given for the new German Mountain Award.<\/strong> Successful launch of GMA on the first of April. Through whole Germany was at last weekend &#8222;CQ GMA&#8220; to hear. In order not to confuse the participants of existing mountain programs, the reference-numbers of all programs are used. Specific GMA references hold the prefix &#8222;DA&#8220;. Mainly they are the many deleted references from the SOTA 2009.<\/p>\n<p><a href=\"https:\/\/www.adventureradio.de\/wp-content\/uploads\/2010\/12\/dl.gif\"><img loading=\"lazy\" decoding=\"async\" class=\"alignleft size-full wp-image-1018\" title=\"dl\" src=\"https:\/\/www.adventureradio.de\/wp-content\/uploads\/2010\/12\/dl.gif\" alt=\"\" width=\"20\" height=\"11\" \/><\/a> Am vergangenen Wochenende hallte es von den Bergen Deutschlands: &#8222;CQ GMA&#8220;. Viele Stationen wurden sogar im <a title=\"DX Cluster\" href=\"http:\/\/www.dxsummit.fi\/Search.aspx\" target=\"_blank\">DX-Cluster<\/a> gemeldet. Allerdings h\u00f6rten einige J\u00e4ger-Stationen wohl nur mit einem Ohr zu und befanden die Referenznummern als ung\u00fcltg oder als April-Scherz. Aber das war die Ausnahme. Der <a title=\"CQ GMA\" href=\"http:\/\/www.cqgma.eu\" target=\"_blank\">GMA-Website\u00a0<\/a> ist zu entnehmen, dass manche Aktivierer bis zu 100 QSO geloggt haben.<\/p>\n<p><figure id=\"attachment_1974\" aria-describedby=\"caption-attachment-1974\" style=\"width: 90px\" class=\"wp-caption alignleft\"><a href=\"https:\/\/www.adventureradio.de\/wp-content\/uploads\/2012\/03\/gma-logo-b109xh181-farbig1.jpg\"><img loading=\"lazy\" decoding=\"async\" class=\"size-thumbnail wp-image-1974\" title=\"gma-logo-b109xh181-farbig[1]\" src=\"https:\/\/www.adventureradio.de\/wp-content\/uploads\/2012\/03\/gma-logo-b109xh181-farbig1.jpg?w=90\" alt=\"GMA-Logo\" width=\"90\" height=\"150\" \/><\/a><figcaption id=\"caption-attachment-1974\" class=\"wp-caption-text\">GMA-Logo<\/figcaption><\/figure>F\u00fcr das GMA sind alle Bergreferenzen welweit g\u00fcltig; denn das GMA ist ein internationales Aktivierungsprgramm. Allein in Deutschland gibt es jedoch noch weitere Berge, au\u00dfer den SOTA Referenzen, die f\u00fcr das GMA g\u00fcltig sind. So sind nicht nur die 961 Gipfel in den deutschen Mittelgebirgen mit dem Pr\u00e4fix &#8222;DM\/&#8220; und die 442 Gipfel aus den deutschen Alpen mit dem Pr\u00e4fix &#8222;DL\/&#8220; f\u00fcr das GMA g\u00fcltig, sondern zus\u00e4tzlich noch \u00fcber 4300 Berge mit dem Pr\u00e4fix &#8222;DA\/&#8220;. An der Kennung &#8222;DA\/&#8220; ist somit eine <a title=\"GMA Referenzen\" href=\"http:\/\/www.cqgma.eu\/infodl.php\" target=\"_blank\">GMA-Referenz <\/a>sofort zu erkennen. Durch die erhebliche Steigerung der aktivierbaren Berge ergeben\u00a0 sich einige Vorteile: zum Beispiel entfallen lange Anfahrtwege zu den wenigen <a title=\"SOTA DM\" href=\"http:\/\/www.sotawatch.org\/summits.php?assoc=13\" target=\"_blank\">SOTA Referenzen<\/a>. Wer an einem Bergprogramm teilnehmen m\u00f6chte und in einer entsprechend h\u00fcgeligen oder bergigen Landschaft wohnt, findet nun eine gute Auswahl an Referenzen direkt vor seiner Haust\u00fcr. Das ist nicht nur ein \u00f6konomischer, sondern auch ein \u00f6kologischer Vorteil.<\/p>\n<p>Also &#8211; Station in den Rucksack gepackt und schon geht das Outdoor-Vergn\u00fcgen los. Punkte sammeln f\u00fcr das GMA!<\/p>\n","protected":false},"excerpt":{"rendered":"<p>\u00a0 Go-Ahead given for the new German Mountain Award. Successful launch of GMA on the first of April. Through whole Germany was at last weekend &#8222;CQ GMA&#8220; to hear. In order not to confuse the participants of existing mountain programs, the reference-numbers of all programs are used. Specific GMA references hold the prefix &#8222;DA&#8220;. Mainly &hellip; <\/p>\n<p class=\"link-more\"><a href=\"https:\/\/www.adventureradio.de\/?p=2000\" class=\"more-link\"><span class=\"screen-reader-text\">\u201eGerman Mountain Award: Startschuss gelungen\u201c <\/span>weiterlesen<\/a><\/p>\n","protected":false},"author":1,"featured_media":0,"comment_status":"open","ping_status":"open","sticky":false,"template":"","format":"standard","meta":{"footnotes":""},"categories":[394,13,395],"tags":[60,61,128,129,485],"class_list":["post-2000","post","type-post","status-publish","format-standard","hentry","category-dlff-wff","category-gma","category-wiehengebirge-regionen","tag-dani-096","tag-dani-127","tag-german-mountain-award","tag-german-mountain-challenge","tag-gma"],"_links":{"self":[{"href":"https:\/\/www.adventureradio.de\/index.php?rest_route=\/wp\/v2\/posts\/2000","targetHints":{"allow":["GET"]}}],"collection":[{"href":"https:\/\/www.adventureradio.de\/index.php?rest_route=\/wp\/v2\/posts"}],"about":[{"href":"https:\/\/www.adventureradio.de\/index.php?rest_route=\/wp\/v2\/types\/post"}],"author":[{"embeddable":true,"href":"https:\/\/www.adventureradio.de\/index.php?rest_route=\/wp\/v2\/users\/1"}],"replies":[{"embeddable":true,"href":"https:\/\/www.adventureradio.de\/index.php?rest_route=%2Fwp%2Fv2%2Fcomments&post=2000"}],"version-history":[{"count":3,"href":"https:\/\/www.adventureradio.de\/index.php?rest_route=\/wp\/v2\/posts\/2000\/revisions"}],"predecessor-version":[{"id":5701,"href":"https:\/\/www.adventureradio.de\/index.php?rest_route=\/wp\/v2\/posts\/2000\/revisions\/5701"}],"wp:attachment":[{"href":"https:\/\/www.adventureradio.de\/index.php?rest_route=%2Fwp%2Fv2%2Fmedia&parent=2000"}],"wp:term":[{"taxonomy":"category","embeddable":true,"href":"https:\/\/www.adventureradio.de\/index.php?rest_route=%2Fwp%2Fv2%2Fcategories&post=2000"},{"taxonomy":"post_tag","embeddable":true,"href":"https:\/\/www.adventureradio.de\/index.php?rest_route=%2Fwp%2Fv2%2Ftags&post=2000"}],"curies":[{"name":"wp","href":"https:\/\/api.w.org\/{rel}","templated":true}]}}